{"id":8481,"date":"2026-07-21T07:31:15","date_gmt":"2026-07-21T05:31:15","guid":{"rendered":"https:\/\/jkmgryf.pl\/?p=8481"},"modified":"2026-07-22T17:39:50","modified_gmt":"2026-07-22T15:39:50","slug":"xxxvi-regaty-samotnikow-memorial-leonida-teligi-w-2026-roku","status":"publish","type":"post","link":"https:\/\/jkmgryf.pl\/en\/xxxvi-regaty-samotnikow-memorial-leonida-teligi-w-2026-roku\/","title":{"rendered":"XXXVI Regaty Samotnik\u00f3w &#8211; Memoria\u0142 Leonida Teligi w 2026 roku"},"content":{"rendered":"<figure class=\"wp-block-image size-full\"><img loading=\"lazy\" decoding=\"async\" width=\"290\" height=\"400\" src=\"https:\/\/jkmgryf.pl\/wp-content\/uploads\/2026\/05\/2026_sam_plakat.jpg\" alt=\"\" class=\"wp-image-8718\" srcset=\"https:\/\/jkmgryf.pl\/wp-content\/uploads\/2026\/05\/2026_sam_plakat.jpg 290w, https:\/\/jkmgryf.pl\/wp-content\/uploads\/2026\/05\/2026_sam_plakat-218x300.jpg 218w, https:\/\/jkmgryf.pl\/wp-content\/uploads\/2026\/05\/2026_sam_plakat-9x12.jpg 9w\" sizes=\"auto, (max-width: 290px) 100vw, 290px\" \/><\/figure>\n\n\n\n<p>Regaty odby\u0142y si\u0119 zgodnie z planem. Wszelkie informacje s\u0105 w <a href=\"https:\/\/zpokladu.pl\/sor\/widoki\/imprezy_panel.php?pm=1037858139011022858\" target=\"_blank\" rel=\"noreferrer noopener\">panelu regat.<\/a><\/p>\n\n\n\n<p><a href=\"https:\/\/jkmgryf.pl\/en\/regaty-samotnikow-2026-relacja-z-sagi\/\" target=\"_blank\" rel=\"noreferrer noopener\">Relacja z Sagi<\/a><br><a href=\"https:\/\/zpokladu.pl\/glowna\/relacje\/rel_2026_sam.php\" target=\"_blank\" rel=\"noreferrer noopener\">Relacja z Czarodziejki<\/a><\/p>\n\n\n\n<p>Wy\u015bcig na trasie Gdynia \u2013 Hel (p\u0142awa) \u2013 Nowy \u015awiat \u2013 Gdynia. Zacz\u0119\u0142y si\u0119 o godzinie 9:30, czyli troch\u0119 przed czasem, z powodu zag\u0119szczenia imprez na wodzie w Gdyni. Ze startem nie by\u0142o problem\u00f3w, wszystkie 12 jacht\u00f3w by\u0142o na czas.<\/p>\n\n\n\n<p>Start by\u0142 z wiatrem, i to s\u0142abym (3-4 w\u0119z\u0142y). Instrukcja \u017ceglugi zabrania u\u017cywania \u017cagli dodatkowych przed sygna\u0142em startu, wi\u0119c genakery i spinaker posz\u0142y w g\u00f3r\u0119 na jachtach tu\u017c po starcie. Do p\u0142awy Hel jest spory odcinek drogi a  poniewa\u017c kurs by\u0142 w sumie fordewindowy, wi\u0119kszo\u015b\u0107 jacht\u00f3w posz\u0142a w prawo, dwa wyra\u017anie w lewo, a kolejne kilka w miar\u0119 \u015brodkiem. W po\u0142owie drogi wiatr troch\u0119 wzr\u00f3s\u0142, pod p\u0142aw\u0105 osi\u0105gaj\u0105c pr\u0119dko\u015b\u0107 10-12 w\u0119z\u0142\u00f3w. Ale by\u0142 nier\u00f3wny co do si\u0142y. <\/p>\n\n\n\n<p>Przy p\u0142awie (wi\u0119c na torze) grupa jacht\u00f3w spotka\u0142a si\u0119 z promem Stena Estelle, kt\u00f3ry po prostu op\u0142yn\u0105\u0142 ca\u0142y peleton regat nie robi\u0105c problem\u00f3w. Wszystkie jachty (jeden p\u0142yn\u0105\u0142 bez \u017cagli dodatkowych) musia\u0142y zrobi\u0107 zwrot przez ruf\u0119 i skierowa\u0107 si\u0119 do p\u0142awy NS. Baksztag prawego halsu, do\u015b\u0107 ostry na pocz\u0105tku, z czasem si\u0119 wype\u0142ni\u0142 do kursu oko\u0142o 170 do wiatru. <\/p>\n\n\n\n<p>To by\u0142 ten odcinek, gdzie po kolei przechodzi\u0142y chmury, pada\u0142o mniej lub wi\u0119cej (oj, czasami wi\u0119cej) a wiatr c\u00f3\u017c&#8230; Od 14 w\u0119z\u0142\u00f3w do 23 w szkwa\u0142ach. Kilka jacht\u00f3w, ju\u017c niedaleko NS mia\u0142o problemy ze swoimi genakerami, i to nawet powa\u017cne. Generalnie ta cz\u0119\u015b\u0107 trasy zrobi\u0142a si\u0119 w drugiej cz\u0119\u015bci (ca\u0142y bok ma 18 mil) bardzo szybka i trudna. <\/p>\n\n\n\n<p>Po p\u0142awie NS by\u0142a ju\u017c hals\u00f3wka do p\u0142awy NP i na met\u0119. 20 mil hals\u00f3wki w zasadzie dok\u0142adnie pod wiatr, kt\u00f3ry jako\u015b nie chcia\u0142 zel\u017ce\u0107. Wia\u0142o dobre kilkana\u015bcie w\u0119z\u0142\u00f3w, zazwyczaj oko\u0142o 18-19, momentami do 24. Generalnie wia\u0142o mocno i by\u0142a bardzo wredna, kr\u00f3tka fala. Ten odcinek nie\u017ale prze\u0107wiczy\u0142 samotnych sternik\u00f3w i jednocze\u015bnie za\u0142ogant\u00f3w. Dopiero p\u00f3\u017any popo\u0142udniem, gdy przesz\u0142y chmury, wiatr os\u0142ab\u0142 i to wyra\u017anie. Dodatkowo wiatr lekko odkr\u0119ci\u0142 i od okolic p\u0142awy NP mo\u017cna by\u0142o kierowa\u0107 si\u0119 prosto na met\u0119. Przy czym ostatnie oko\u0142o 10 mil to ju\u017c wiatr wyra\u017anie s\u0142abszy, wr\u0119cz s\u0142aby. Druga cz\u0119\u015b\u0107 stawki podchodzi\u0142a na met\u0119 w Gdyni przy wietrze 6-4 w\u0119z\u0142y. <\/p>\n\n\n\n<p>Trzy jachty si\u0119 wycofa\u0142y z regat, ci kt\u00f3rzy uko\u0144czyli zd\u0105\u017cyli na met\u0119&nbsp;przed p\u00f3\u0142noc\u0105, z jednym wyj\u0105tkiem. Pallas (Tomasz Sontowski), kt\u00f3ry mia\u0142 po drodze swoje przygody, nie wycofa\u0142 si\u0119 z regat i wp\u0142yn\u0105\u0142 na met\u0119 o godzinie 7:17 rano. Generalnie nie by\u0142o \u0142atwo. <\/p>\n\n\n\n<p>S\u0119dziowa\u0142 Sebastian W\u00f3jcikowski.<br>Opis regat napisa\u0142 Tomasz Konnak.<\/p>\n\n\n\n<p><a href=\"https:\/\/jkmgryf.pl\/wp-content\/uploads\/2026\/07\/sam2026_lista.pdf\" target=\"_blank\" rel=\"noreferrer noopener\">Lista startowa<\/a><br><a href=\"https:\/\/jkmgryf.pl\/wp-content\/uploads\/2026\/07\/sam2026_meta.pdf\" target=\"_blank\" rel=\"noreferrer noopener\">Tabela mety<\/a><br><a href=\"https:\/\/jkmgryf.pl\/wp-content\/uploads\/2026\/07\/sam2026_wyniki.pdf\" target=\"_blank\" rel=\"noreferrer noopener\">Wyniki<\/a><\/p>\n\n\n\n<p><strong>Zdj\u0119cia ze startu robi\u0142 i udost\u0119pni\u0142 Marcin Denysiuk<\/strong><\/p>\n\n\n\n<figure class=\"wp-block-image size-large\"><img loading=\"lazy\" decoding=\"async\" width=\"683\" height=\"1024\" src=\"https:\/\/jkmgryf.pl\/wp-content\/uploads\/2026\/07\/2026_sam_5825_2-683x1024.jpg\" alt=\"\" class=\"wp-image-8769\" srcset=\"https:\/\/jkmgryf.pl\/wp-content\/uploads\/2026\/07\/2026_sam_5825_2-683x1024.jpg 683w, https:\/\/jkmgryf.pl\/wp-content\/uploads\/2026\/07\/2026_sam_5825_2-200x300.jpg 200w, https:\/\/jkmgryf.pl\/wp-content\/uploads\/2026\/07\/2026_sam_5825_2-768x1151.jpg 768w, https:\/\/jkmgryf.pl\/wp-content\/uploads\/2026\/07\/2026_sam_5825_2-8x12.jpg 8w, https:\/\/jkmgryf.pl\/wp-content\/uploads\/2026\/07\/2026_sam_5825_2.jpg 1001w\" sizes=\"auto, (max-width: 683px) 100vw, 683px\" \/><\/figure>\n\n\n\n<figure class=\"wp-block-image size-large\"><img loading=\"lazy\" decoding=\"async\" width=\"1024\" height=\"683\" src=\"https:\/\/jkmgryf.pl\/wp-content\/uploads\/2026\/07\/2026_sam_5867_2-1024x683.jpg\" alt=\"\" class=\"wp-image-8770\" srcset=\"https:\/\/jkmgryf.pl\/wp-content\/uploads\/2026\/07\/2026_sam_5867_2-1024x683.jpg 1024w, https:\/\/jkmgryf.pl\/wp-content\/uploads\/2026\/07\/2026_sam_5867_2-300x200.jpg 300w, https:\/\/jkmgryf.pl\/wp-content\/uploads\/2026\/07\/2026_sam_5867_2-768x513.jpg 768w, https:\/\/jkmgryf.pl\/wp-content\/uploads\/2026\/07\/2026_sam_5867_2-18x12.jpg 18w, https:\/\/jkmgryf.pl\/wp-content\/uploads\/2026\/07\/2026_sam_5867_2.jpg 1500w\" sizes=\"auto, (max-width: 1024px) 100vw, 1024px\" \/><\/figure>\n\n\n\n<figure class=\"wp-block-image size-large\"><img loading=\"lazy\" decoding=\"async\" width=\"1024\" height=\"683\" src=\"https:\/\/jkmgryf.pl\/wp-content\/uploads\/2026\/07\/2026_sam_5929_2-1024x683.jpg\" alt=\"\" class=\"wp-image-8771\" srcset=\"https:\/\/jkmgryf.pl\/wp-content\/uploads\/2026\/07\/2026_sam_5929_2-1024x683.jpg 1024w, https:\/\/jkmgryf.pl\/wp-content\/uploads\/2026\/07\/2026_sam_5929_2-300x200.jpg 300w, https:\/\/jkmgryf.pl\/wp-content\/uploads\/2026\/07\/2026_sam_5929_2-768x513.jpg 768w, https:\/\/jkmgryf.pl\/wp-content\/uploads\/2026\/07\/2026_sam_5929_2-18x12.jpg 18w, https:\/\/jkmgryf.pl\/wp-content\/uploads\/2026\/07\/2026_sam_5929_2.jpg 1500w\" sizes=\"auto, (max-width: 1024px) 100vw, 1024px\" \/><\/figure>\n\n\n\n<figure class=\"wp-block-image size-large\"><img loading=\"lazy\" decoding=\"async\" width=\"683\" height=\"1024\" src=\"https:\/\/jkmgryf.pl\/wp-content\/uploads\/2026\/07\/2026_sam_6009_2-683x1024.jpg\" alt=\"\" class=\"wp-image-8772\" srcset=\"https:\/\/jkmgryf.pl\/wp-content\/uploads\/2026\/07\/2026_sam_6009_2-683x1024.jpg 683w, https:\/\/jkmgryf.pl\/wp-content\/uploads\/2026\/07\/2026_sam_6009_2-200x300.jpg 200w, https:\/\/jkmgryf.pl\/wp-content\/uploads\/2026\/07\/2026_sam_6009_2-768x1151.jpg 768w, https:\/\/jkmgryf.pl\/wp-content\/uploads\/2026\/07\/2026_sam_6009_2-8x12.jpg 8w, https:\/\/jkmgryf.pl\/wp-content\/uploads\/2026\/07\/2026_sam_6009_2.jpg 1001w\" sizes=\"auto, (max-width: 683px) 100vw, 683px\" \/><\/figure>\n\n\n\n<figure class=\"wp-block-image size-large\"><img loading=\"lazy\" decoding=\"async\" width=\"1024\" height=\"683\" src=\"https:\/\/jkmgryf.pl\/wp-content\/uploads\/2026\/07\/2026_sam_6082_2-1024x683.jpg\" alt=\"\" class=\"wp-image-8773\" srcset=\"https:\/\/jkmgryf.pl\/wp-content\/uploads\/2026\/07\/2026_sam_6082_2-1024x683.jpg 1024w, https:\/\/jkmgryf.pl\/wp-content\/uploads\/2026\/07\/2026_sam_6082_2-300x200.jpg 300w, https:\/\/jkmgryf.pl\/wp-content\/uploads\/2026\/07\/2026_sam_6082_2-768x513.jpg 768w, https:\/\/jkmgryf.pl\/wp-content\/uploads\/2026\/07\/2026_sam_6082_2-18x12.jpg 18w, https:\/\/jkmgryf.pl\/wp-content\/uploads\/2026\/07\/2026_sam_6082_2.jpg 1500w\" sizes=\"auto, (max-width: 1024px) 100vw, 1024px\" \/><\/figure>\n\n\n\n<figure class=\"wp-block-image size-large\"><img loading=\"lazy\" decoding=\"async\" width=\"1024\" height=\"683\" src=\"https:\/\/jkmgryf.pl\/wp-content\/uploads\/2026\/07\/2026_sam_6104_2-1024x683.jpg\" alt=\"\" class=\"wp-image-8774\" srcset=\"https:\/\/jkmgryf.pl\/wp-content\/uploads\/2026\/07\/2026_sam_6104_2-1024x683.jpg 1024w, https:\/\/jkmgryf.pl\/wp-content\/uploads\/2026\/07\/2026_sam_6104_2-300x200.jpg 300w, https:\/\/jkmgryf.pl\/wp-content\/uploads\/2026\/07\/2026_sam_6104_2-768x513.jpg 768w, https:\/\/jkmgryf.pl\/wp-content\/uploads\/2026\/07\/2026_sam_6104_2-18x12.jpg 18w, https:\/\/jkmgryf.pl\/wp-content\/uploads\/2026\/07\/2026_sam_6104_2.jpg 1500w\" sizes=\"auto, (max-width: 1024px) 100vw, 1024px\" \/><\/figure>\n\n\n\n<p><strong>To zdj\u0119cie, w okolicy Helu, zrobi\u0142y Paulina Gralak i Kinga Pojawa<\/strong><\/p>\n\n\n\n<figure class=\"wp-block-image size-large\"><img loading=\"lazy\" decoding=\"async\" width=\"1024\" height=\"768\" src=\"https:\/\/jkmgryf.pl\/wp-content\/uploads\/2026\/07\/2026_sam_4926_2-1024x768.jpg\" alt=\"\" class=\"wp-image-8776\" srcset=\"https:\/\/jkmgryf.pl\/wp-content\/uploads\/2026\/07\/2026_sam_4926_2-1024x768.jpg 1024w, https:\/\/jkmgryf.pl\/wp-content\/uploads\/2026\/07\/2026_sam_4926_2-300x225.jpg 300w, https:\/\/jkmgryf.pl\/wp-content\/uploads\/2026\/07\/2026_sam_4926_2-768x576.jpg 768w, https:\/\/jkmgryf.pl\/wp-content\/uploads\/2026\/07\/2026_sam_4926_2-16x12.jpg 16w, https:\/\/jkmgryf.pl\/wp-content\/uploads\/2026\/07\/2026_sam_4926_2.jpg 1500w\" sizes=\"auto, (max-width: 1024px) 100vw, 1024px\" \/><\/figure>","protected":false},"excerpt":{"rendered":"<p>Regaty odby\u0142y si\u0119 zgodnie z planem. Wszelkie informacje s\u0105 w panelu regat. Relacja z SagiRelacja z Czarodziejki Wy\u015bcig na trasie Gdynia \u2013 Hel (p\u0142awa) \u2013 Nowy \u015awiat \u2013 Gdynia. Zacz\u0119\u0142y si\u0119 o godzinie 9:30, czyli troch\u0119 przed czasem, z powodu zag\u0119szczenia imprez na wodzie w Gdyni. Ze startem nie by\u0142o problem\u00f3w, wszystkie 12 jacht\u00f3w by\u0142o<br \/><a class=\"moretag\" href=\"https:\/\/jkmgryf.pl\/en\/xxxvi-regaty-samotnikow-memorial-leonida-teligi-w-2026-roku\/\">+ Read More<\/a><\/p>","protected":false},"author":3,"featured_media":8718,"comment_status":"closed","ping_status":"closed","sticky":false,"template":"","format":"standard","meta":{"footnotes":""},"categories":[3,14,1],"tags":[],"class_list":["post-8481","post","type-post","status-publish","format-standard","has-post-thumbnail","hentry","category-inf_klubowe","category-regaty_sam","category-uncategorized"],"yoast_head":"<!-- This site is optimized with the Yoast SEO plugin v28.2 - https:\/\/yoast.com\/product\/yoast-seo-wordpress\/ -->\n<title>XXXVI Regaty Samotnik\u00f3w - Memoria\u0142 Leonida Teligi w 2026 roku | JKM GRYF<\/title>\n<meta name=\"description\" content=\"Klub z tradycjami za\u0142o\u017cony w 1928 roku\" \/>\n<meta name=\"robots\" content=\"index, follow, max-snippet:-1, max-image-preview:large, max-video-preview:-1\" \/>\n<link rel=\"canonical\" href=\"https:\/\/jkmgryf.pl\/en\/xxxvi-regaty-samotnikow-memorial-leonida-teligi-w-2026-roku\/\" \/>\n<meta property=\"og:locale\" content=\"en_GB\" \/>\n<meta property=\"og:type\" content=\"article\" \/>\n<meta property=\"og:title\" content=\"XXXVI Regaty Samotnik\u00f3w - Memoria\u0142 Leonida Teligi w 2026 roku | JKM GRYF\" \/>\n<meta property=\"og:description\" content=\"Klub z tradycjami za\u0142o\u017cony w 1928 roku\" \/>\n<meta property=\"og:url\" content=\"https:\/\/jkmgryf.pl\/en\/xxxvi-regaty-samotnikow-memorial-leonida-teligi-w-2026-roku\/\" \/>\n<meta property=\"og:site_name\" content=\"JKM GRYF\" \/>\n<meta property=\"article:published_time\" content=\"2026-07-21T05:31:15+00:00\" \/>\n<meta property=\"article:modified_time\" content=\"2026-07-22T15:39:50+00:00\" \/>\n<meta property=\"og:image\" content=\"https:\/\/jkmgryf.pl\/wp-content\/uploads\/2026\/05\/2026_sam_plakat.jpg\" \/>\n\t<meta property=\"og:image:width\" content=\"290\" \/>\n\t<meta property=\"og:image:height\" content=\"400\" \/>\n\t<meta property=\"og:image:type\" content=\"image\/jpeg\" \/>\n<meta name=\"author\" content=\"adminTK\" \/>\n<meta name=\"twitter:card\" content=\"summary_large_image\" \/>\n<meta name=\"twitter:label1\" content=\"Written by\" \/>\n\t<meta name=\"twitter:data1\" content=\"adminTK\" \/>\n\t<meta name=\"twitter:label2\" content=\"Estimated reading time\" \/>\n\t<meta name=\"twitter:data2\" content=\"5 minutes\" \/>\n<script type=\"application\/ld+json\" class=\"yoast-schema-graph\">{\"@context\":\"https:\\\/\\\/schema.org\",\"@graph\":[{\"@type\":\"Article\",\"@id\":\"https:\\\/\\\/jkmgryf.pl\\\/xxxvi-regaty-samotnikow-memorial-leonida-teligi-w-2026-roku\\\/#article\",\"isPartOf\":{\"@id\":\"https:\\\/\\\/jkmgryf.pl\\\/xxxvi-regaty-samotnikow-memorial-leonida-teligi-w-2026-roku\\\/\"},\"author\":{\"name\":\"adminTK\",\"@id\":\"https:\\\/\\\/jkmgryf.pl\\\/#\\\/schema\\\/person\\\/ef710f6425e5c59bd6c63f4eff41133e\"},\"headline\":\"XXXVI Regaty Samotnik\u00f3w &#8211; Memoria\u0142 Leonida Teligi w 2026 roku\",\"datePublished\":\"2026-07-21T05:31:15+00:00\",\"dateModified\":\"2026-07-22T15:39:50+00:00\",\"mainEntityOfPage\":{\"@id\":\"https:\\\/\\\/jkmgryf.pl\\\/xxxvi-regaty-samotnikow-memorial-leonida-teligi-w-2026-roku\\\/\"},\"wordCount\":543,\"publisher\":{\"@id\":\"https:\\\/\\\/jkmgryf.pl\\\/#organization\"},\"image\":{\"@id\":\"https:\\\/\\\/jkmgryf.pl\\\/xxxvi-regaty-samotnikow-memorial-leonida-teligi-w-2026-roku\\\/#primaryimage\"},\"thumbnailUrl\":\"https:\\\/\\\/jkmgryf.pl\\\/wp-content\\\/uploads\\\/2026\\\/05\\\/2026_sam_plakat.jpg\",\"articleSection\":[\"inf_klubowe\",\"regaty samotnik\u00f3w\",\"Uncategorized\"],\"inLanguage\":\"en-GB\"},{\"@type\":\"WebPage\",\"@id\":\"https:\\\/\\\/jkmgryf.pl\\\/xxxvi-regaty-samotnikow-memorial-leonida-teligi-w-2026-roku\\\/\",\"url\":\"https:\\\/\\\/jkmgryf.pl\\\/xxxvi-regaty-samotnikow-memorial-leonida-teligi-w-2026-roku\\\/\",\"name\":\"XXXVI Regaty Samotnik\u00f3w - Memoria\u0142 Leonida Teligi w 2026 roku | JKM GRYF\",\"isPartOf\":{\"@id\":\"https:\\\/\\\/jkmgryf.pl\\\/#website\"},\"primaryImageOfPage\":{\"@id\":\"https:\\\/\\\/jkmgryf.pl\\\/xxxvi-regaty-samotnikow-memorial-leonida-teligi-w-2026-roku\\\/#primaryimage\"},\"image\":{\"@id\":\"https:\\\/\\\/jkmgryf.pl\\\/xxxvi-regaty-samotnikow-memorial-leonida-teligi-w-2026-roku\\\/#primaryimage\"},\"thumbnailUrl\":\"https:\\\/\\\/jkmgryf.pl\\\/wp-content\\\/uploads\\\/2026\\\/05\\\/2026_sam_plakat.jpg\",\"datePublished\":\"2026-07-21T05:31:15+00:00\",\"dateModified\":\"2026-07-22T15:39:50+00:00\",\"description\":\"Klub z tradycjami za\u0142o\u017cony w 1928 roku\",\"breadcrumb\":{\"@id\":\"https:\\\/\\\/jkmgryf.pl\\\/xxxvi-regaty-samotnikow-memorial-leonida-teligi-w-2026-roku\\\/#breadcrumb\"},\"inLanguage\":\"en-GB\",\"potentialAction\":[{\"@type\":\"ReadAction\",\"target\":[\"https:\\\/\\\/jkmgryf.pl\\\/xxxvi-regaty-samotnikow-memorial-leonida-teligi-w-2026-roku\\\/\"]}]},{\"@type\":\"ImageObject\",\"inLanguage\":\"en-GB\",\"@id\":\"https:\\\/\\\/jkmgryf.pl\\\/xxxvi-regaty-samotnikow-memorial-leonida-teligi-w-2026-roku\\\/#primaryimage\",\"url\":\"https:\\\/\\\/jkmgryf.pl\\\/wp-content\\\/uploads\\\/2026\\\/05\\\/2026_sam_plakat.jpg\",\"contentUrl\":\"https:\\\/\\\/jkmgryf.pl\\\/wp-content\\\/uploads\\\/2026\\\/05\\\/2026_sam_plakat.jpg\",\"width\":290,\"height\":400},{\"@type\":\"BreadcrumbList\",\"@id\":\"https:\\\/\\\/jkmgryf.pl\\\/xxxvi-regaty-samotnikow-memorial-leonida-teligi-w-2026-roku\\\/#breadcrumb\",\"itemListElement\":[{\"@type\":\"ListItem\",\"position\":1,\"name\":\"Strona g\u0142\u00f3wna\",\"item\":\"https:\\\/\\\/jkmgryf.pl\\\/\"},{\"@type\":\"ListItem\",\"position\":2,\"name\":\"XXXVI Regaty Samotnik\u00f3w &#8211; Memoria\u0142 Leonida Teligi w 2026 roku\"}]},{\"@type\":\"WebSite\",\"@id\":\"https:\\\/\\\/jkmgryf.pl\\\/#website\",\"url\":\"https:\\\/\\\/jkmgryf.pl\\\/\",\"name\":\"JKM GRYF\",\"description\":\"\",\"publisher\":{\"@id\":\"https:\\\/\\\/jkmgryf.pl\\\/#organization\"},\"potentialAction\":[{\"@type\":\"SearchAction\",\"target\":{\"@type\":\"EntryPoint\",\"urlTemplate\":\"https:\\\/\\\/jkmgryf.pl\\\/?s={search_term_string}\"},\"query-input\":{\"@type\":\"PropertyValueSpecification\",\"valueRequired\":true,\"valueName\":\"search_term_string\"}}],\"inLanguage\":\"en-GB\"},{\"@type\":\"Organization\",\"@id\":\"https:\\\/\\\/jkmgryf.pl\\\/#organization\",\"name\":\"JKM Gryf\",\"url\":\"https:\\\/\\\/jkmgryf.pl\\\/\",\"logo\":{\"@type\":\"ImageObject\",\"inLanguage\":\"en-GB\",\"@id\":\"https:\\\/\\\/jkmgryf.pl\\\/#\\\/schema\\\/logo\\\/image\\\/\",\"url\":\"https:\\\/\\\/jkmgryf.pl\\\/wp-content\\\/uploads\\\/2018\\\/10\\\/logo_klasyczne.png\",\"contentUrl\":\"https:\\\/\\\/jkmgryf.pl\\\/wp-content\\\/uploads\\\/2018\\\/10\\\/logo_klasyczne.png\",\"width\":161,\"height\":160,\"caption\":\"JKM Gryf\"},\"image\":{\"@id\":\"https:\\\/\\\/jkmgryf.pl\\\/#\\\/schema\\\/logo\\\/image\\\/\"}},{\"@type\":\"Person\",\"@id\":\"https:\\\/\\\/jkmgryf.pl\\\/#\\\/schema\\\/person\\\/ef710f6425e5c59bd6c63f4eff41133e\",\"name\":\"adminTK\",\"image\":{\"@type\":\"ImageObject\",\"inLanguage\":\"en-GB\",\"@id\":\"https:\\\/\\\/secure.gravatar.com\\\/avatar\\\/5a3e2a328aa17e56010e416aa005d6a065a35352d82c1b1984ef7d5c52919c5e?s=96&d=mm&r=g\",\"url\":\"https:\\\/\\\/secure.gravatar.com\\\/avatar\\\/5a3e2a328aa17e56010e416aa005d6a065a35352d82c1b1984ef7d5c52919c5e?s=96&d=mm&r=g\",\"contentUrl\":\"https:\\\/\\\/secure.gravatar.com\\\/avatar\\\/5a3e2a328aa17e56010e416aa005d6a065a35352d82c1b1984ef7d5c52919c5e?s=96&d=mm&r=g\",\"caption\":\"adminTK\"},\"sameAs\":[\"http:\\\/\\\/zpokladu.pl\"],\"url\":\"https:\\\/\\\/jkmgryf.pl\\\/en\\\/author\\\/tomek\\\/\"}]}<\/script>\n<!-- \/ Yoast SEO plugin. -->","yoast_head_json":{"title":"XXXVI Regaty Samotnik\u00f3w - Memoria\u0142 Leonida Teligi w 2026 roku | JKM GRYF","description":"Club with traditions founded in 1928","robots":{"index":"index","follow":"follow","max-snippet":"max-snippet:-1","max-image-preview":"max-image-preview:large","max-video-preview":"max-video-preview:-1"},"canonical":"https:\/\/jkmgryf.pl\/en\/xxxvi-regaty-samotnikow-memorial-leonida-teligi-w-2026-roku\/","og_locale":"en_GB","og_type":"article","og_title":"XXXVI Regaty Samotnik\u00f3w - Memoria\u0142 Leonida Teligi w 2026 roku | JKM GRYF","og_description":"Klub z tradycjami za\u0142o\u017cony w 1928 roku","og_url":"https:\/\/jkmgryf.pl\/en\/xxxvi-regaty-samotnikow-memorial-leonida-teligi-w-2026-roku\/","og_site_name":"JKM GRYF","article_published_time":"2026-07-21T05:31:15+00:00","article_modified_time":"2026-07-22T15:39:50+00:00","og_image":[{"width":290,"height":400,"url":"https:\/\/jkmgryf.pl\/wp-content\/uploads\/2026\/05\/2026_sam_plakat.jpg","type":"image\/jpeg"}],"author":"adminTK","twitter_card":"summary_large_image","twitter_misc":{"Written by":"adminTK","Estimated reading time":"5 minutes"},"schema":{"@context":"https:\/\/schema.org","@graph":[{"@type":"Article","@id":"https:\/\/jkmgryf.pl\/xxxvi-regaty-samotnikow-memorial-leonida-teligi-w-2026-roku\/#article","isPartOf":{"@id":"https:\/\/jkmgryf.pl\/xxxvi-regaty-samotnikow-memorial-leonida-teligi-w-2026-roku\/"},"author":{"name":"adminTK","@id":"https:\/\/jkmgryf.pl\/#\/schema\/person\/ef710f6425e5c59bd6c63f4eff41133e"},"headline":"XXXVI Regaty Samotnik\u00f3w &#8211; Memoria\u0142 Leonida Teligi w 2026 roku","datePublished":"2026-07-21T05:31:15+00:00","dateModified":"2026-07-22T15:39:50+00:00","mainEntityOfPage":{"@id":"https:\/\/jkmgryf.pl\/xxxvi-regaty-samotnikow-memorial-leonida-teligi-w-2026-roku\/"},"wordCount":543,"publisher":{"@id":"https:\/\/jkmgryf.pl\/#organization"},"image":{"@id":"https:\/\/jkmgryf.pl\/xxxvi-regaty-samotnikow-memorial-leonida-teligi-w-2026-roku\/#primaryimage"},"thumbnailUrl":"https:\/\/jkmgryf.pl\/wp-content\/uploads\/2026\/05\/2026_sam_plakat.jpg","articleSection":["inf_klubowe","regaty samotnik\u00f3w","Uncategorized"],"inLanguage":"en-GB"},{"@type":"WebPage","@id":"https:\/\/jkmgryf.pl\/xxxvi-regaty-samotnikow-memorial-leonida-teligi-w-2026-roku\/","url":"https:\/\/jkmgryf.pl\/xxxvi-regaty-samotnikow-memorial-leonida-teligi-w-2026-roku\/","name":"XXXVI Regaty Samotnik\u00f3w - Memoria\u0142 Leonida Teligi w 2026 roku | JKM GRYF","isPartOf":{"@id":"https:\/\/jkmgryf.pl\/#website"},"primaryImageOfPage":{"@id":"https:\/\/jkmgryf.pl\/xxxvi-regaty-samotnikow-memorial-leonida-teligi-w-2026-roku\/#primaryimage"},"image":{"@id":"https:\/\/jkmgryf.pl\/xxxvi-regaty-samotnikow-memorial-leonida-teligi-w-2026-roku\/#primaryimage"},"thumbnailUrl":"https:\/\/jkmgryf.pl\/wp-content\/uploads\/2026\/05\/2026_sam_plakat.jpg","datePublished":"2026-07-21T05:31:15+00:00","dateModified":"2026-07-22T15:39:50+00:00","description":"Club with traditions founded in 1928","breadcrumb":{"@id":"https:\/\/jkmgryf.pl\/xxxvi-regaty-samotnikow-memorial-leonida-teligi-w-2026-roku\/#breadcrumb"},"inLanguage":"en-GB","potentialAction":[{"@type":"ReadAction","target":["https:\/\/jkmgryf.pl\/xxxvi-regaty-samotnikow-memorial-leonida-teligi-w-2026-roku\/"]}]},{"@type":"ImageObject","inLanguage":"en-GB","@id":"https:\/\/jkmgryf.pl\/xxxvi-regaty-samotnikow-memorial-leonida-teligi-w-2026-roku\/#primaryimage","url":"https:\/\/jkmgryf.pl\/wp-content\/uploads\/2026\/05\/2026_sam_plakat.jpg","contentUrl":"https:\/\/jkmgryf.pl\/wp-content\/uploads\/2026\/05\/2026_sam_plakat.jpg","width":290,"height":400},{"@type":"BreadcrumbList","@id":"https:\/\/jkmgryf.pl\/xxxvi-regaty-samotnikow-memorial-leonida-teligi-w-2026-roku\/#breadcrumb","itemListElement":[{"@type":"ListItem","position":1,"name":"Strona g\u0142\u00f3wna","item":"https:\/\/jkmgryf.pl\/"},{"@type":"ListItem","position":2,"name":"XXXVI Regaty Samotnik\u00f3w &#8211; Memoria\u0142 Leonida Teligi w 2026 roku"}]},{"@type":"WebSite","@id":"https:\/\/jkmgryf.pl\/#website","url":"https:\/\/jkmgryf.pl\/","name":"JKM GRYF","description":"","publisher":{"@id":"https:\/\/jkmgryf.pl\/#organization"},"potentialAction":[{"@type":"SearchAction","target":{"@type":"EntryPoint","urlTemplate":"https:\/\/jkmgryf.pl\/?s={search_term_string}"},"query-input":{"@type":"PropertyValueSpecification","valueRequired":true,"valueName":"search_term_string"}}],"inLanguage":"en-GB"},{"@type":"Organization","@id":"https:\/\/jkmgryf.pl\/#organization","name":"JKM Gryf","url":"https:\/\/jkmgryf.pl\/","logo":{"@type":"ImageObject","inLanguage":"en-GB","@id":"https:\/\/jkmgryf.pl\/#\/schema\/logo\/image\/","url":"https:\/\/jkmgryf.pl\/wp-content\/uploads\/2018\/10\/logo_klasyczne.png","contentUrl":"https:\/\/jkmgryf.pl\/wp-content\/uploads\/2018\/10\/logo_klasyczne.png","width":161,"height":160,"caption":"JKM Gryf"},"image":{"@id":"https:\/\/jkmgryf.pl\/#\/schema\/logo\/image\/"}},{"@type":"Person","@id":"https:\/\/jkmgryf.pl\/#\/schema\/person\/ef710f6425e5c59bd6c63f4eff41133e","name":"adminTK","image":{"@type":"ImageObject","inLanguage":"en-GB","@id":"https:\/\/secure.gravatar.com\/avatar\/5a3e2a328aa17e56010e416aa005d6a065a35352d82c1b1984ef7d5c52919c5e?s=96&d=mm&r=g","url":"https:\/\/secure.gravatar.com\/avatar\/5a3e2a328aa17e56010e416aa005d6a065a35352d82c1b1984ef7d5c52919c5e?s=96&d=mm&r=g","contentUrl":"https:\/\/secure.gravatar.com\/avatar\/5a3e2a328aa17e56010e416aa005d6a065a35352d82c1b1984ef7d5c52919c5e?s=96&d=mm&r=g","caption":"adminTK"},"sameAs":["http:\/\/zpokladu.pl"],"url":"https:\/\/jkmgryf.pl\/en\/author\/tomek\/"}]}},"_links":{"self":[{"href":"https:\/\/jkmgryf.pl\/en\/wp-json\/wp\/v2\/posts\/8481","targetHints":{"allow":["GET"]}}],"collection":[{"href":"https:\/\/jkmgryf.pl\/en\/wp-json\/wp\/v2\/posts"}],"about":[{"href":"https:\/\/jkmgryf.pl\/en\/wp-json\/wp\/v2\/types\/post"}],"author":[{"embeddable":true,"href":"https:\/\/jkmgryf.pl\/en\/wp-json\/wp\/v2\/users\/3"}],"replies":[{"embeddable":true,"href":"https:\/\/jkmgryf.pl\/en\/wp-json\/wp\/v2\/comments?post=8481"}],"version-history":[{"count":13,"href":"https:\/\/jkmgryf.pl\/en\/wp-json\/wp\/v2\/posts\/8481\/revisions"}],"predecessor-version":[{"id":8777,"href":"https:\/\/jkmgryf.pl\/en\/wp-json\/wp\/v2\/posts\/8481\/revisions\/8777"}],"wp:featuredmedia":[{"embeddable":true,"href":"https:\/\/jkmgryf.pl\/en\/wp-json\/wp\/v2\/media\/8718"}],"wp:attachment":[{"href":"https:\/\/jkmgryf.pl\/en\/wp-json\/wp\/v2\/media?parent=8481"}],"wp:term":[{"taxonomy":"category","embeddable":true,"href":"https:\/\/jkmgryf.pl\/en\/wp-json\/wp\/v2\/categories?post=8481"},{"taxonomy":"post_tag","embeddable":true,"href":"https:\/\/jkmgryf.pl\/en\/wp-json\/wp\/v2\/tags?post=8481"}],"curies":[{"name":"wp","href":"https:\/\/api.w.org\/{rel}","templated":true}]}}