{"id":6808,"date":"2017-01-27T22:05:00","date_gmt":"2017-01-27T20:05:00","guid":{"rendered":"https:\/\/jkmgryf.pl\/?p=6808"},"modified":"2023-12-10T17:14:31","modified_gmt":"2023-12-10T15:14:31","slug":"xxvii-regaty-samotnikow-w-2017","status":"publish","type":"post","link":"https:\/\/jkmgryf.pl\/en\/xxvii-regaty-samotnikow-w-2017\/","title":{"rendered":"XXVII Regaty Samotnik\u00f3w w 2017"},"content":{"rendered":"<figure class=\"wp-block-image size-full\"><img loading=\"lazy\" decoding=\"async\" width=\"283\" height=\"400\" src=\"https:\/\/jkmgryf.pl\/wp-content\/uploads\/2023\/12\/plakat_sam2017.jpg\" alt=\"\" class=\"wp-image-7098\" srcset=\"https:\/\/jkmgryf.pl\/wp-content\/uploads\/2023\/12\/plakat_sam2017.jpg 283w, https:\/\/jkmgryf.pl\/wp-content\/uploads\/2023\/12\/plakat_sam2017-212x300.jpg 212w, https:\/\/jkmgryf.pl\/wp-content\/uploads\/2023\/12\/plakat_sam2017-8x12.jpg 8w\" sizes=\"auto, (max-width: 283px) 100vw, 283px\" \/><\/figure>\n\n\n\n<p><strong><a href=\"http:\/\/oficynamorska.pl\/2017\/samotnicy-scigali-sie-na-zatoce-gdanskiej\/\" target=\"_blank\" rel=\"noreferrer noopener\">Zdj\u0119cia ze strony Oficyny Morskiej<\/a><\/strong><\/p>\n\n\n\n<p>Kiedy\u015b, w czasach dawnych, podczas dyskusji o tym, co kto lubi i dlaczego ja akurat morze, odpowiada\u0142em zawsze, \u017ce to dlatego, \u017ce morze jest bardzo zmienne i niemal zawsze inne.<\/p>\n\n\n\n<p>I tak w\u0142a\u015bnie jest, a na ostatnich regatach w nadmiarze. W sobot\u0119 na zmian\u0119 pada\u0142o, \u015bwieci\u0142o s\u0142o\u0144ce, la\u0142o, \u015bwieci\u0142o, la\u0142o&#8230; I tak ile\u015b tam razy. Bokiem przesz\u0142a burza, nad Gdyni\u0105 przeszed\u0142 silny grad. A my, biedni zawodnicy, trwali\u015bmy na posterunku. Bo na t\u0119 zmienno\u015b\u0107 nak\u0142ada\u0142a si\u0119 oczywi\u015bcie zmienno\u015b\u0107 wiatru, kt\u00f3ry by\u0142, lub nie, zn\u00f3w by\u0142, ale z innej strony, potem powia\u0142 bardzo solidnie, \u015bcich\u0142, zmieni\u0142 kierunek i tak przez ca\u0142y dzie\u0144. W niedziel\u0119 zmienno\u015b\u0107 wiatru by\u0142a ju\u017c znacznie mniejsza, ale jednak, ale przede wszystkim, nie pada\u0142o. W og\u00f3le, o dziwo. Temperatura powietrza nie powala\u0142a na kolana, ale wi\u0119kszo\u015bci by\u0142o chyba wszystko jedno, ja i tak by\u0142em mokry z wysi\u0142ku i co jak co, ale na pewno nie by\u0142o mi zimno&#8230;<\/p>\n\n\n\n<p>Ale zacznijmy od pocz\u0105tku. Po du\u017cym sukcesie frekwencyjnym w poprzednim roku, teraz regres. wypad\u0142o kilka &#8222;\u017celaznych&#8221; uczestnik\u00f3w, kilku zg\u0142osi\u0142o sie ot tak sobie. I si\u0119 nie zjawili.<\/p>\n\n\n\n<p>W efekcie by\u0142o 11 jacht\u00f3w, w tym 8 w ORC i 3 w OPEN.<\/p>\n\n\n\n<p>W sobot\u0119 wy\u015bcigi rozpocz\u0119\u0142y si\u0119 ze sporym op\u00f3\u017anieniem, z braku wiatru. Do tego trzeba by\u0142o odej\u015b\u0107 daleko od brzegu, bo chmara maluch\u00f3w (podobno by\u0142o 280 samych Laser\u00f3w).<\/p>\n\n\n\n<p>Kr\u00f3tki wy\u015bcig, typowy up-down, trasa do\u015b\u0107 kr\u00f3tka, bo wiatr niepewny. Walka na ca\u0142ego, spinakerowcy mogli si\u0119 wykaza\u0107, cho\u0107 momentami bardzo zwalniamy.<\/p>\n\n\n\n<p>Potem wy\u015bcig d\u0142ugi, trasa do ko\u0144ca by\u0142a niepewna, bo rzeczywisto\u015b\u0107 z prognozami nijak si\u0119 nie zgadza\u0142a. Komisja idzie na kompromis, trasa ma kilkana\u015bcie mil. Z za\u0142o\u017cenia mia\u0142 by\u0107 i spinaker i hals\u00f3wka. Wysz\u0142o najpierw \u017cu\u017clowo (na N5), przy czym przywia\u0142o zdrowo za to z cisz\u0105 na ko\u0144cu i odkr\u0119tk\u0105 wiatru. Potem hals\u00f3wka na GD, trudna, ze zmiennym wiatrem i chyba pr\u0105dem przed p\u0142aw\u0105. Spinaker na met\u0119, ale wiatr cichnie. Cichnie, trzeba ostrzy\u0107, kto\u015b nawet robi przebrasowania. Potem nagle wiatr w pysk, awaryjne zrzucanie i bajdewindem do mety. Tutaj nawet bez problem\u00f3w, a by\u0142o ju\u017c mocno p\u00f3\u017ano.<\/p>\n\n\n\n<p>Po sprawdzeniu traking\u00f3w wyniki drugiego wy\u015bcigu zosta\u0142y zmienione. Okaza\u0142o si\u0119 \u017ce p\u0142awa GD jest w innym miejscu ni\u017c pokazuj\u0105 mapy (niekt\u00f3re) i spis \u015bwiate\u0142. Tak wi\u0119c traking jest bardzo przydatny.<\/p>\n\n\n\n<p>Potem w klubie bardzo zas\u0142u\u017cona kolacja z pierogami, kie\u0142baskami, piwem i nie tylko, jak si\u0119 okaza\u0142o&#8230;<\/p>\n\n\n\n<p>Rano w niedziel\u0119 odchodzimy daleko, dodatkowo d\u0142u\u017csza trasa wy\u015bcigu kr\u00f3tkiego (jedno k\u00f3\u0142ko, ale d\u0142ugie), wyprowadza nas daleko od brzegu.<\/p>\n\n\n\n<p>D\u0142uga hals\u00f3wka pod brzeg (bok ma dok\u0142adnie dwie mile) i w drugiej cz\u0119\u015bci odkr\u0119tka w prawo, potem lekki powr\u00f3t, potem nagle, przed boj\u0105, gwa\u0142towne zmiany w lew\u0105 stron\u0119, ale w\u0142a\u015bnie zmiany &#8211; kilka razy wiatr odkr\u0119ca\u0142. Gdyby ta zmiana przysz\u0142a kilka minut p\u00f3\u017aniej, to historia wy\u015bcigu i wyniki by\u0142yby inne. Cho\u0107by dlatego, \u017ce b\u0119d\u0105cy w czubie Konsal 2, w tych wrednych warunkach, dotyka boi i potem kr\u0119ci karne k\u00f3\u0142ko. W efekcie traci do Polleda 11 sekund po przeliczeniu.<\/p>\n\n\n\n<p>Potem spinaker, wiatr coraz s\u0142abszy, ale walka na ca\u0142ego. I zn\u00f3w, co ju\u017c nie dziwi, zmiana wiatru, robi si\u0119 bardzo ostry baksztag drugie halsu. Pisz\u0105cy te s\u0142owa, pod du\u017cym spinakerem, ledwo wszed\u0142 na met\u0119, z przechy\u0142em momentami dobrze ponad 30 stopni. A potem, \u015bcich\u0142o, co jako\u015b wcale ju\u017c nie dziwi.<\/p>\n\n\n\n<p>Zako\u0144czenie odby\u0142o si\u0119 punktualnie, czyli o godzinie 14, nagrody zosta\u0142y wr\u0119czone, pami\u0105tkowe zdj\u0119cie pod pomnikiem Teligi zrobione.<\/p>\n\n\n\n<p>Zapraszamy za rok. Bo jak si\u0119 okazuje, po poprzednich regatach, gdzie protesty i konflikty by\u0142y a\u017c w nadmiarze, na tych regatach i na wodzie jest sympatycznie. Oczywi\u015bcie walka jest zaci\u0119ta, ale gdy jeden ruch sterem mo\u017ce oddali\u0107 jachty, gdy bez straty mo\u017cna odej\u015b\u0107 od innego jachtu, kt\u00f3ry walczy ze spinakerem, to robi si\u0119 naprawd\u0119 przyjemnie. Cho\u0107by dlatego warto si\u0119 pojawi\u0107 za rok.<\/p>\n\n\n\n<p>Relacj\u0119 napisa\u0142 Tomasz Konnak<\/p>\n\n\n\n<p><strong>S\u0119dziowa\u0142 Bohdan G\u00f3ralski<br>z pomoc\u0105 Artura Sarnowskiego<\/strong><\/p>\n\n\n\n<p><strong><a href=\"https:\/\/jkmgryf.pl\/wp-content\/uploads\/2023\/12\/sam2017_lista.pdf\" target=\"_blank\" rel=\"noreferrer noopener\">Lista startowa<\/a><\/strong><\/p>\n\n\n\n<p><strong><a href=\"https:\/\/jkmgryf.pl\/wp-content\/uploads\/2023\/12\/sam2017_open1.pdf\" target=\"_blank\" rel=\"noreferrer noopener\">Wy\u015bcig 1 OPEN<\/a><\/strong><br><strong><a href=\"https:\/\/jkmgryf.pl\/wp-content\/uploads\/2023\/12\/sam2017_open2.pdf\" target=\"_blank\" rel=\"noreferrer noopener\">Wy\u015bcig 2 OPEN<\/a><\/strong><br><strong><a href=\"https:\/\/jkmgryf.pl\/wp-content\/uploads\/2023\/12\/sam2017_open3.pdf\" target=\"_blank\" rel=\"noreferrer noopener\">Wy\u015bcig 3 OPEN<\/a><\/strong><br><strong><a href=\"https:\/\/jkmgryf.pl\/wp-content\/uploads\/2023\/12\/sam2017_opengen.pdf\" target=\"_blank\" rel=\"noreferrer noopener\">Generalnie OPEN<\/a><\/strong><\/p>\n\n\n\n<p><strong><a href=\"https:\/\/jkmgryf.pl\/wp-content\/uploads\/2023\/12\/sam2017_orc1.pdf\" target=\"_blank\" rel=\"noreferrer noopener\">Wy\u015bcig 1 ORC<\/a><\/strong><br><strong><a href=\"https:\/\/jkmgryf.pl\/wp-content\/uploads\/2023\/12\/sam2017_orc2.pdf\" target=\"_blank\" rel=\"noreferrer noopener\">Wy\u015bcig 2 ORC<\/a><\/strong><br><strong><a href=\"https:\/\/jkmgryf.pl\/wp-content\/uploads\/2023\/12\/sam2017_orc3.pdf\" target=\"_blank\" rel=\"noreferrer noopener\">Wy\u015bcig 3 ORC<\/a><\/strong><br><strong><a href=\"https:\/\/jkmgryf.pl\/wp-content\/uploads\/2023\/12\/sam2017_orcgen.pdf\" target=\"_blank\" rel=\"noreferrer noopener\">Generalnie ORC<\/a><\/strong><\/p>\n\n\n\n<p><\/p>","protected":false},"excerpt":{"rendered":"<p>Zdj\u0119cia ze strony Oficyny Morskiej Kiedy\u015b, w czasach dawnych, podczas dyskusji o tym, co kto lubi i dlaczego ja akurat morze, odpowiada\u0142em zawsze, \u017ce to dlatego, \u017ce morze jest bardzo zmienne i niemal zawsze inne. I tak w\u0142a\u015bnie jest, a na ostatnich regatach w nadmiarze. W sobot\u0119 na zmian\u0119 pada\u0142o, \u015bwieci\u0142o s\u0142o\u0144ce, la\u0142o, \u015bwieci\u0142o, la\u0142o&#8230;<br \/><a class=\"moretag\" href=\"https:\/\/jkmgryf.pl\/en\/xxvii-regaty-samotnikow-w-2017\/\">+ Read More<\/a><\/p>","protected":false},"author":3,"featured_media":7098,"comment_status":"closed","ping_status":"closed","sticky":false,"template":"","format":"standard","meta":{"footnotes":""},"categories":[14],"tags":[],"class_list":["post-6808","post","type-post","status-publish","format-standard","has-post-thumbnail","hentry","category-regaty_sam"],"yoast_head":"<!-- This site is optimized with the Yoast SEO plugin v27.4 - https:\/\/yoast.com\/product\/yoast-seo-wordpress\/ -->\n<title>XXVII Regaty Samotnik\u00f3w w 2017 | JKM GRYF<\/title>\n<meta name=\"description\" content=\"Klub z tradycjami za\u0142o\u017cony w 1928 roku\" \/>\n<meta name=\"robots\" content=\"index, follow, max-snippet:-1, max-image-preview:large, max-video-preview:-1\" \/>\n<link rel=\"canonical\" href=\"https:\/\/jkmgryf.pl\/en\/xxvii-regaty-samotnikow-w-2017\/\" \/>\n<meta property=\"og:locale\" content=\"en_GB\" \/>\n<meta property=\"og:type\" content=\"article\" \/>\n<meta property=\"og:title\" content=\"XXVII Regaty Samotnik\u00f3w w 2017 | JKM GRYF\" \/>\n<meta property=\"og:description\" content=\"Klub z tradycjami za\u0142o\u017cony w 1928 roku\" \/>\n<meta property=\"og:url\" content=\"https:\/\/jkmgryf.pl\/en\/xxvii-regaty-samotnikow-w-2017\/\" \/>\n<meta property=\"og:site_name\" content=\"JKM GRYF\" \/>\n<meta property=\"article:published_time\" content=\"2017-01-27T20:05:00+00:00\" \/>\n<meta property=\"article:modified_time\" content=\"2023-12-10T15:14:31+00:00\" \/>\n<meta property=\"og:image\" content=\"https:\/\/jkmgryf.pl\/wp-content\/uploads\/2023\/12\/plakat_sam2017.jpg\" \/>\n\t<meta property=\"og:image:width\" content=\"283\" \/>\n\t<meta property=\"og:image:height\" content=\"400\" \/>\n\t<meta property=\"og:image:type\" content=\"image\/jpeg\" \/>\n<meta name=\"author\" content=\"adminTK\" \/>\n<meta name=\"twitter:card\" content=\"summary_large_image\" \/>\n<meta name=\"twitter:label1\" content=\"Written by\" \/>\n\t<meta name=\"twitter:data1\" content=\"adminTK\" \/>\n\t<meta name=\"twitter:label2\" content=\"Estimated reading time\" \/>\n\t<meta name=\"twitter:data2\" content=\"5 minutes\" \/>\n<script type=\"application\/ld+json\" class=\"yoast-schema-graph\">{\"@context\":\"https:\\\/\\\/schema.org\",\"@graph\":[{\"@type\":\"Article\",\"@id\":\"https:\\\/\\\/jkmgryf.pl\\\/xxvii-regaty-samotnikow-w-2017\\\/#article\",\"isPartOf\":{\"@id\":\"https:\\\/\\\/jkmgryf.pl\\\/xxvii-regaty-samotnikow-w-2017\\\/\"},\"author\":{\"name\":\"adminTK\",\"@id\":\"https:\\\/\\\/jkmgryf.pl\\\/#\\\/schema\\\/person\\\/ef710f6425e5c59bd6c63f4eff41133e\"},\"headline\":\"XXVII Regaty Samotnik\u00f3w w 2017\",\"datePublished\":\"2017-01-27T20:05:00+00:00\",\"dateModified\":\"2023-12-10T15:14:31+00:00\",\"mainEntityOfPage\":{\"@id\":\"https:\\\/\\\/jkmgryf.pl\\\/xxvii-regaty-samotnikow-w-2017\\\/\"},\"wordCount\":770,\"publisher\":{\"@id\":\"https:\\\/\\\/jkmgryf.pl\\\/#organization\"},\"image\":{\"@id\":\"https:\\\/\\\/jkmgryf.pl\\\/xxvii-regaty-samotnikow-w-2017\\\/#primaryimage\"},\"thumbnailUrl\":\"https:\\\/\\\/jkmgryf.pl\\\/wp-content\\\/uploads\\\/2023\\\/12\\\/plakat_sam2017.jpg\",\"articleSection\":[\"regaty samotnik\u00f3w\"],\"inLanguage\":\"en-GB\"},{\"@type\":\"WebPage\",\"@id\":\"https:\\\/\\\/jkmgryf.pl\\\/xxvii-regaty-samotnikow-w-2017\\\/\",\"url\":\"https:\\\/\\\/jkmgryf.pl\\\/xxvii-regaty-samotnikow-w-2017\\\/\",\"name\":\"XXVII Regaty Samotnik\u00f3w w 2017 | JKM GRYF\",\"isPartOf\":{\"@id\":\"https:\\\/\\\/jkmgryf.pl\\\/#website\"},\"primaryImageOfPage\":{\"@id\":\"https:\\\/\\\/jkmgryf.pl\\\/xxvii-regaty-samotnikow-w-2017\\\/#primaryimage\"},\"image\":{\"@id\":\"https:\\\/\\\/jkmgryf.pl\\\/xxvii-regaty-samotnikow-w-2017\\\/#primaryimage\"},\"thumbnailUrl\":\"https:\\\/\\\/jkmgryf.pl\\\/wp-content\\\/uploads\\\/2023\\\/12\\\/plakat_sam2017.jpg\",\"datePublished\":\"2017-01-27T20:05:00+00:00\",\"dateModified\":\"2023-12-10T15:14:31+00:00\",\"description\":\"Klub z tradycjami za\u0142o\u017cony w 1928 roku\",\"breadcrumb\":{\"@id\":\"https:\\\/\\\/jkmgryf.pl\\\/xxvii-regaty-samotnikow-w-2017\\\/#breadcrumb\"},\"inLanguage\":\"en-GB\",\"potentialAction\":[{\"@type\":\"ReadAction\",\"target\":[\"https:\\\/\\\/jkmgryf.pl\\\/xxvii-regaty-samotnikow-w-2017\\\/\"]}]},{\"@type\":\"ImageObject\",\"inLanguage\":\"en-GB\",\"@id\":\"https:\\\/\\\/jkmgryf.pl\\\/xxvii-regaty-samotnikow-w-2017\\\/#primaryimage\",\"url\":\"https:\\\/\\\/jkmgryf.pl\\\/wp-content\\\/uploads\\\/2023\\\/12\\\/plakat_sam2017.jpg\",\"contentUrl\":\"https:\\\/\\\/jkmgryf.pl\\\/wp-content\\\/uploads\\\/2023\\\/12\\\/plakat_sam2017.jpg\",\"width\":283,\"height\":400},{\"@type\":\"BreadcrumbList\",\"@id\":\"https:\\\/\\\/jkmgryf.pl\\\/xxvii-regaty-samotnikow-w-2017\\\/#breadcrumb\",\"itemListElement\":[{\"@type\":\"ListItem\",\"position\":1,\"name\":\"Strona g\u0142\u00f3wna\",\"item\":\"https:\\\/\\\/jkmgryf.pl\\\/\"},{\"@type\":\"ListItem\",\"position\":2,\"name\":\"XXVII Regaty Samotnik\u00f3w w 2017\"}]},{\"@type\":\"WebSite\",\"@id\":\"https:\\\/\\\/jkmgryf.pl\\\/#website\",\"url\":\"https:\\\/\\\/jkmgryf.pl\\\/\",\"name\":\"JKM GRYF\",\"description\":\"\",\"publisher\":{\"@id\":\"https:\\\/\\\/jkmgryf.pl\\\/#organization\"},\"potentialAction\":[{\"@type\":\"SearchAction\",\"target\":{\"@type\":\"EntryPoint\",\"urlTemplate\":\"https:\\\/\\\/jkmgryf.pl\\\/?s={search_term_string}\"},\"query-input\":{\"@type\":\"PropertyValueSpecification\",\"valueRequired\":true,\"valueName\":\"search_term_string\"}}],\"inLanguage\":\"en-GB\"},{\"@type\":\"Organization\",\"@id\":\"https:\\\/\\\/jkmgryf.pl\\\/#organization\",\"name\":\"JKM Gryf\",\"url\":\"https:\\\/\\\/jkmgryf.pl\\\/\",\"logo\":{\"@type\":\"ImageObject\",\"inLanguage\":\"en-GB\",\"@id\":\"https:\\\/\\\/jkmgryf.pl\\\/#\\\/schema\\\/logo\\\/image\\\/\",\"url\":\"https:\\\/\\\/jkmgryf.pl\\\/wp-content\\\/uploads\\\/2018\\\/10\\\/logo_klasyczne.png\",\"contentUrl\":\"https:\\\/\\\/jkmgryf.pl\\\/wp-content\\\/uploads\\\/2018\\\/10\\\/logo_klasyczne.png\",\"width\":161,\"height\":160,\"caption\":\"JKM Gryf\"},\"image\":{\"@id\":\"https:\\\/\\\/jkmgryf.pl\\\/#\\\/schema\\\/logo\\\/image\\\/\"}},{\"@type\":\"Person\",\"@id\":\"https:\\\/\\\/jkmgryf.pl\\\/#\\\/schema\\\/person\\\/ef710f6425e5c59bd6c63f4eff41133e\",\"name\":\"adminTK\",\"image\":{\"@type\":\"ImageObject\",\"inLanguage\":\"en-GB\",\"@id\":\"https:\\\/\\\/secure.gravatar.com\\\/avatar\\\/5a3e2a328aa17e56010e416aa005d6a065a35352d82c1b1984ef7d5c52919c5e?s=96&d=mm&r=g\",\"url\":\"https:\\\/\\\/secure.gravatar.com\\\/avatar\\\/5a3e2a328aa17e56010e416aa005d6a065a35352d82c1b1984ef7d5c52919c5e?s=96&d=mm&r=g\",\"contentUrl\":\"https:\\\/\\\/secure.gravatar.com\\\/avatar\\\/5a3e2a328aa17e56010e416aa005d6a065a35352d82c1b1984ef7d5c52919c5e?s=96&d=mm&r=g\",\"caption\":\"adminTK\"},\"sameAs\":[\"http:\\\/\\\/zpokladu.pl\"],\"url\":\"https:\\\/\\\/jkmgryf.pl\\\/en\\\/author\\\/tomek\\\/\"}]}<\/script>\n<!-- \/ Yoast SEO plugin. -->","yoast_head_json":{"title":"XXVII Regaty Samotnik\u00f3w w 2017 | JKM GRYF","description":"Club with traditions founded in 1928","robots":{"index":"index","follow":"follow","max-snippet":"max-snippet:-1","max-image-preview":"max-image-preview:large","max-video-preview":"max-video-preview:-1"},"canonical":"https:\/\/jkmgryf.pl\/en\/xxvii-regaty-samotnikow-w-2017\/","og_locale":"en_GB","og_type":"article","og_title":"XXVII Regaty Samotnik\u00f3w w 2017 | JKM GRYF","og_description":"Klub z tradycjami za\u0142o\u017cony w 1928 roku","og_url":"https:\/\/jkmgryf.pl\/en\/xxvii-regaty-samotnikow-w-2017\/","og_site_name":"JKM GRYF","article_published_time":"2017-01-27T20:05:00+00:00","article_modified_time":"2023-12-10T15:14:31+00:00","og_image":[{"width":283,"height":400,"url":"https:\/\/jkmgryf.pl\/wp-content\/uploads\/2023\/12\/plakat_sam2017.jpg","type":"image\/jpeg"}],"author":"adminTK","twitter_card":"summary_large_image","twitter_misc":{"Written by":"adminTK","Estimated reading time":"5 minutes"},"schema":{"@context":"https:\/\/schema.org","@graph":[{"@type":"Article","@id":"https:\/\/jkmgryf.pl\/xxvii-regaty-samotnikow-w-2017\/#article","isPartOf":{"@id":"https:\/\/jkmgryf.pl\/xxvii-regaty-samotnikow-w-2017\/"},"author":{"name":"adminTK","@id":"https:\/\/jkmgryf.pl\/#\/schema\/person\/ef710f6425e5c59bd6c63f4eff41133e"},"headline":"XXVII Regaty Samotnik\u00f3w w 2017","datePublished":"2017-01-27T20:05:00+00:00","dateModified":"2023-12-10T15:14:31+00:00","mainEntityOfPage":{"@id":"https:\/\/jkmgryf.pl\/xxvii-regaty-samotnikow-w-2017\/"},"wordCount":770,"publisher":{"@id":"https:\/\/jkmgryf.pl\/#organization"},"image":{"@id":"https:\/\/jkmgryf.pl\/xxvii-regaty-samotnikow-w-2017\/#primaryimage"},"thumbnailUrl":"https:\/\/jkmgryf.pl\/wp-content\/uploads\/2023\/12\/plakat_sam2017.jpg","articleSection":["regaty samotnik\u00f3w"],"inLanguage":"en-GB"},{"@type":"WebPage","@id":"https:\/\/jkmgryf.pl\/xxvii-regaty-samotnikow-w-2017\/","url":"https:\/\/jkmgryf.pl\/xxvii-regaty-samotnikow-w-2017\/","name":"XXVII Regaty Samotnik\u00f3w w 2017 | JKM GRYF","isPartOf":{"@id":"https:\/\/jkmgryf.pl\/#website"},"primaryImageOfPage":{"@id":"https:\/\/jkmgryf.pl\/xxvii-regaty-samotnikow-w-2017\/#primaryimage"},"image":{"@id":"https:\/\/jkmgryf.pl\/xxvii-regaty-samotnikow-w-2017\/#primaryimage"},"thumbnailUrl":"https:\/\/jkmgryf.pl\/wp-content\/uploads\/2023\/12\/plakat_sam2017.jpg","datePublished":"2017-01-27T20:05:00+00:00","dateModified":"2023-12-10T15:14:31+00:00","description":"Club with traditions founded in 1928","breadcrumb":{"@id":"https:\/\/jkmgryf.pl\/xxvii-regaty-samotnikow-w-2017\/#breadcrumb"},"inLanguage":"en-GB","potentialAction":[{"@type":"ReadAction","target":["https:\/\/jkmgryf.pl\/xxvii-regaty-samotnikow-w-2017\/"]}]},{"@type":"ImageObject","inLanguage":"en-GB","@id":"https:\/\/jkmgryf.pl\/xxvii-regaty-samotnikow-w-2017\/#primaryimage","url":"https:\/\/jkmgryf.pl\/wp-content\/uploads\/2023\/12\/plakat_sam2017.jpg","contentUrl":"https:\/\/jkmgryf.pl\/wp-content\/uploads\/2023\/12\/plakat_sam2017.jpg","width":283,"height":400},{"@type":"BreadcrumbList","@id":"https:\/\/jkmgryf.pl\/xxvii-regaty-samotnikow-w-2017\/#breadcrumb","itemListElement":[{"@type":"ListItem","position":1,"name":"Strona g\u0142\u00f3wna","item":"https:\/\/jkmgryf.pl\/"},{"@type":"ListItem","position":2,"name":"XXVII Regaty Samotnik\u00f3w w 2017"}]},{"@type":"WebSite","@id":"https:\/\/jkmgryf.pl\/#website","url":"https:\/\/jkmgryf.pl\/","name":"JKM GRYF","description":"","publisher":{"@id":"https:\/\/jkmgryf.pl\/#organization"},"potentialAction":[{"@type":"SearchAction","target":{"@type":"EntryPoint","urlTemplate":"https:\/\/jkmgryf.pl\/?s={search_term_string}"},"query-input":{"@type":"PropertyValueSpecification","valueRequired":true,"valueName":"search_term_string"}}],"inLanguage":"en-GB"},{"@type":"Organization","@id":"https:\/\/jkmgryf.pl\/#organization","name":"JKM Gryf","url":"https:\/\/jkmgryf.pl\/","logo":{"@type":"ImageObject","inLanguage":"en-GB","@id":"https:\/\/jkmgryf.pl\/#\/schema\/logo\/image\/","url":"https:\/\/jkmgryf.pl\/wp-content\/uploads\/2018\/10\/logo_klasyczne.png","contentUrl":"https:\/\/jkmgryf.pl\/wp-content\/uploads\/2018\/10\/logo_klasyczne.png","width":161,"height":160,"caption":"JKM Gryf"},"image":{"@id":"https:\/\/jkmgryf.pl\/#\/schema\/logo\/image\/"}},{"@type":"Person","@id":"https:\/\/jkmgryf.pl\/#\/schema\/person\/ef710f6425e5c59bd6c63f4eff41133e","name":"adminTK","image":{"@type":"ImageObject","inLanguage":"en-GB","@id":"https:\/\/secure.gravatar.com\/avatar\/5a3e2a328aa17e56010e416aa005d6a065a35352d82c1b1984ef7d5c52919c5e?s=96&d=mm&r=g","url":"https:\/\/secure.gravatar.com\/avatar\/5a3e2a328aa17e56010e416aa005d6a065a35352d82c1b1984ef7d5c52919c5e?s=96&d=mm&r=g","contentUrl":"https:\/\/secure.gravatar.com\/avatar\/5a3e2a328aa17e56010e416aa005d6a065a35352d82c1b1984ef7d5c52919c5e?s=96&d=mm&r=g","caption":"adminTK"},"sameAs":["http:\/\/zpokladu.pl"],"url":"https:\/\/jkmgryf.pl\/en\/author\/tomek\/"}]}},"_links":{"self":[{"href":"https:\/\/jkmgryf.pl\/en\/wp-json\/wp\/v2\/posts\/6808","targetHints":{"allow":["GET"]}}],"collection":[{"href":"https:\/\/jkmgryf.pl\/en\/wp-json\/wp\/v2\/posts"}],"about":[{"href":"https:\/\/jkmgryf.pl\/en\/wp-json\/wp\/v2\/types\/post"}],"author":[{"embeddable":true,"href":"https:\/\/jkmgryf.pl\/en\/wp-json\/wp\/v2\/users\/3"}],"replies":[{"embeddable":true,"href":"https:\/\/jkmgryf.pl\/en\/wp-json\/wp\/v2\/comments?post=6808"}],"version-history":[{"count":14,"href":"https:\/\/jkmgryf.pl\/en\/wp-json\/wp\/v2\/posts\/6808\/revisions"}],"predecessor-version":[{"id":7111,"href":"https:\/\/jkmgryf.pl\/en\/wp-json\/wp\/v2\/posts\/6808\/revisions\/7111"}],"wp:featuredmedia":[{"embeddable":true,"href":"https:\/\/jkmgryf.pl\/en\/wp-json\/wp\/v2\/media\/7098"}],"wp:attachment":[{"href":"https:\/\/jkmgryf.pl\/en\/wp-json\/wp\/v2\/media?parent=6808"}],"wp:term":[{"taxonomy":"category","embeddable":true,"href":"https:\/\/jkmgryf.pl\/en\/wp-json\/wp\/v2\/categories?post=6808"},{"taxonomy":"post_tag","embeddable":true,"href":"https:\/\/jkmgryf.pl\/en\/wp-json\/wp\/v2\/tags?post=6808"}],"curies":[{"name":"wp","href":"https:\/\/api.w.org\/{rel}","templated":true}]}}