{"id":6804,"date":"2017-01-25T22:02:00","date_gmt":"2017-01-25T20:02:00","guid":{"rendered":"https:\/\/jkmgryf.pl\/?p=6804"},"modified":"2023-12-10T11:26:41","modified_gmt":"2023-12-10T09:26:41","slug":"xxv-regaty-samotnikow-w-2015","status":"publish","type":"post","link":"https:\/\/jkmgryf.pl\/en\/xxv-regaty-samotnikow-w-2015\/","title":{"rendered":"XXV Regaty Samotnik\u00f3w w 2015"},"content":{"rendered":"<figure class=\"wp-block-image size-full\"><img loading=\"lazy\" decoding=\"async\" width=\"289\" height=\"400\" src=\"https:\/\/jkmgryf.pl\/wp-content\/uploads\/2023\/12\/plakat_sam2015.jpg\" alt=\"\" class=\"wp-image-7043\" srcset=\"https:\/\/jkmgryf.pl\/wp-content\/uploads\/2023\/12\/plakat_sam2015.jpg 289w, https:\/\/jkmgryf.pl\/wp-content\/uploads\/2023\/12\/plakat_sam2015-217x300.jpg 217w, https:\/\/jkmgryf.pl\/wp-content\/uploads\/2023\/12\/plakat_sam2015-9x12.jpg 9w\" sizes=\"auto, (max-width: 289px) 100vw, 289px\" \/><\/figure>\n\n\n\n<p>Z jednej strony regaty w tym roku mia\u0142y nisk\u0105 frekwencj\u0119. Z drugiej strony, wszystkie zg\u0142oszone jachty wystartowa\u0142y w klasie ORC. W ten spos\u00f3b powsta\u0142a najliczniejsza od dawna grupa. Co jest bardzo pozytywnym zjawiskiem.<br>Ale zacznijmy od pocz\u0105tku. Tym razem dotarcie na regaty, czyli do Gdyni, nie by\u0142o takie proste. Wi\u0119kszo\u015b\u0107 jacht\u00f3w p\u0142yn\u0119\u0142a z G\u00f3rek, czyli mia\u0142a pod wiatr (mniej lub bardziej). Pod silny wiatr. W przypadku &#8222;Czarodziejki&#8221; sprawa by\u0142a oczywista: wzywa\u0142y obowi\u0105zki organizatora. Wi\u0119c jacht wyszed\u0142 z G\u00f3rek o godzinie 9 i na dw\u00f3ch refach i ma\u0142ym foku dotar\u0142 do Gdyni po nieca\u0142ych trzech godzinach. Wia\u0142o, czasami pada\u0142o, poza tym spokojnie.<br>&#8222;Quick Livener&#8221; i &#8222;Konsal&#8221; wyruszy\u0142y pod wiecz\u00f3r i dop\u0142yn\u0119ly do Gdyni o godzinie 23. W zwiazku z tym na go\u015bcinnym pok\u0142adzie Quicka, w ma\u0142ym gronie, odby\u0142a si\u0119 p\u00f3\u017ana kolacja i rozmowy pod tytu\u0142em: co zrobi\u0107, \u017ceby poprawi\u0107 morskie \u017ceglarstwo regatowe&#8230;<br>Reszta jacht\u00f3w dotar\u0142a do Gdyni rano, albo jeszcze na odpraw\u0119 sternik\u00f3w, albo bezpo\u015brednio na start. Rano wia\u0142o mniej ni\u017c wczoraj, ale i tak mocno. Ze wzgl\u0119du na regaty Gdynia Sailing Days (mn\u00f3stwo maluch\u00f3w na wodzie) komisja musia\u0142a ustawi\u0107 tras\u0119 do\u015b\u0107 daleko od Gdyni. Podczas pierwszego, kr\u00f3tkiego wy\u015bcigu nikt nie odwa\u017cy\u0142 si\u0119, albo uzna\u0142 za nieop\u0142acalne, postawi\u0107 sipnakera czy genakera.<br>Podczas wy\u015bcigu d\u0142ugiego (kt\u00f3ry by\u0142 faktycznie d\u0142ugi, bo 23 mile) znalaz\u0142o si\u0119 trzech normalnych inaczej na boku spod Gdyni do N5. Sko\u0144czylo si\u0119 to wyramkowaniem genakera na jednym jachcie (no dobra, stary by\u0142) oraz k\u0142opotami z prowadzeniem na jednym jachcie i z du\u017cymi k\u0142opotami z postawieniem na drugim (troch\u0119 na w\u0142asne \u017cyczenie, trzy b\u0142\u0119dy przy takim wietrze, samotnie i bez autopilota&#8230; i tak sko\u0144czy\u0142o si\u0119 dobrze, bo bez strat). Potem by\u0142 d\u0142ugi bok na wiatr, do GD, pod silny wiatr. T\u0142uk\u0142o, chlapa\u0142o, ale p\u0142yn\u0119\u0142o si\u0119 szybko. Ten bok troch\u0119 przetasowa\u0142 stawk\u0119. Z GD na GS mia\u0142a by\u0107 w zamy\u015ble hals\u00f3wka, ale wyszed\u0142 pe\u0142ny i ostry bajdewind. Powr\u00f3t na GD by\u0142 \u017cu\u017clowy. Wiatr troch\u0119 os\u0142ab\u0142 i mo\u017cna by\u0142o si\u0119 rozrefowa\u0107. Kolejny bok z GD na met\u0119 zn\u00f3w w silniejszym wietrze. I tak, w okolicach godziny 17, ostatnie jachty sp\u0142yn\u0119\u0142y do portu. Tradycyjnie &#8222;Gryf&#8221; zam\u00f3wi\u0142 dla zawodnik\u00f3w pierogi, dorzucaj\u0105c do tego piwo z rolbaru. Spotkania i rozmowy toczy\u0142y si\u0119 do godzin p\u00f3\u017anych, nast\u0105pi\u0142o historyczne pojednanie dw\u00f3ch antagonist\u00f3w.<br>Wyniki po dw\u00f3ch wy\u015bcigach by\u0142y mocno wyr\u00f3wnane, 4 jachty mia\u0142y t\u0119 sam\u0105 ilo\u015b\u0107 punkt\u00f3w.<br>Rano kolejny wy\u015bcig, kr\u00f3tki, zn\u00f3w do\u015b\u0107 daleko od mariny. Wiatr znacznie s\u0142abszy, ale nie mo\u017cna powiedzie\u0107, \u017ce go nie by\u0142o. Start tym razem by\u0142 mocno wyr\u00f3wnany. Na pierwszym kursie z wiatrem pojawi\u0142o si\u0119 kilka spinaker\u00f3w. Autor realcji spinakera nie postawi\u0142 (bo na boi wia\u0142o) i plu\u0142 sobie w brod\u0119 pod koniec boku, gdy wiatr \u015bcich\u0142. Zn\u00f3w hals\u00f3wka, technicza, w kr\u0119c\u0105cym wietrze. Bok z wiatrem na met\u0119. Tym razem spinaker\u00f3w pojawi\u0142o si\u0119 wi\u0119cej, i to by\u0142o dobre posuni\u0119cie. Po przej\u015bciu mety spinaker na d\u00f3\u0142 i spokojna hals\u00f3wka do Gdyni. Przy czym trzeba by\u0142o omin\u0105\u0107 setki (tak wygl\u0105da\u0142o) Optymist\u00f3w i tych ciut wi\u0119kszych.<br>Zako\u0144czenie zacz\u0119\u0142o si\u0119 o godzinie 14. Zwyci\u0119\u017cca regat dosta\u0142 tradycyjn\u0105 &#8222;blach\u0119&#8221;, zdobywcy trzech pierwszych miejsc nagrody pieni\u0119\u017cne. Potem komandor klubu zako\u0144czy\u0142 regaty, zaprosi\u0142 ch\u0119tnych na pierogi oraz na pami\u0105tkowe zdj\u0119cie pod pomnikiem Leonida Teligi. To te\u017c ju\u017c tradycja.<br>Opieraj\u0105c si\u0119 na opiniach zawodnik\u00f3w, tegoroczn\u0105 edycj\u0119 regat mo\u017cna uzna\u0107 za wyj\u0105tkowo udan\u0105. Ze wzgl\u0119du na sprawn\u0105 prac\u0119 komisji regatowej, du\u017c\u0105 grup\u0119 jacht\u00f3w, ci\u0119\u017ck\u0105 pogod\u0119 (ale bez przesady), i bardzo wyr\u00f3wnan\u0105 rywalizacj\u0119.<br>W wyniku rozm\u00f3w wieczornych pojawi\u0142 si\u0119 wniosek, \u017ceby w przysz\u0142ym roku wy\u015bcigi kr\u00f3tkie wygl\u0105da\u0142y troch\u0119 inaczej.<br>Zapraszamy!<\/p>\n\n\n\n<p>Relacj\u0119 napisa\u0142 Tomasz Konnak<br>S\u0119dzia G\u0142\u00f3wny Bartosz Gruszka<\/p>\n\n\n\n<p>Wyniki regat:<\/p>\n\n\n\n<p><strong><a href=\"https:\/\/jkmgryf.pl\/wp-content\/uploads\/2023\/12\/sam2015_lista.pdf\" target=\"_blank\" rel=\"noreferrer noopener\">Lista startowa<\/a><\/strong><br><strong><a href=\"https:\/\/jkmgryf.pl\/wp-content\/uploads\/2023\/12\/sam2015_w1.pdf\" target=\"_blank\" rel=\"noreferrer noopener\">Wy\u015bcig 1<\/a><\/strong><br><strong><a href=\"https:\/\/jkmgryf.pl\/wp-content\/uploads\/2023\/12\/sam2015_w2.pdf\" target=\"_blank\" rel=\"noreferrer noopener\">Wy\u015bcig 2<\/a><\/strong><br><strong><a href=\"https:\/\/jkmgryf.pl\/wp-content\/uploads\/2023\/12\/sam2015_w3.pdf\" target=\"_blank\" rel=\"noreferrer noopener\">Wy\u015bcig 3<\/a><\/strong><a href=\"\/en\/pliki\/obrazki\/regaty\/samotnicy\/2015\/sam2015_w3.pdf\/\" target=\"_blank\" rel=\"noreferrer noopener\"><br><\/a><strong><a href=\"https:\/\/jkmgryf.pl\/wp-content\/uploads\/2023\/12\/sam2015_gen.pdf\" target=\"_blank\" rel=\"noreferrer noopener\">Wyniki ko\u0144cowe<\/a><\/strong><\/p>\n\n\n\n<p>Galeria zdj\u0119ciowa by\u0142a na stronie Oficyny Morskiej. Niestety przepad\u0142a, cho\u0107 mo\u017ce jeszcze uda si\u0119 j\u0105 odzyska\u0107.<\/p>","protected":false},"excerpt":{"rendered":"<p>Z jednej strony regaty w tym roku mia\u0142y nisk\u0105 frekwencj\u0119. Z drugiej strony, wszystkie zg\u0142oszone jachty wystartowa\u0142y w klasie ORC. W ten spos\u00f3b powsta\u0142a najliczniejsza od dawna grupa. Co jest bardzo pozytywnym zjawiskiem.Ale zacznijmy od pocz\u0105tku. Tym razem dotarcie na regaty, czyli do Gdyni, nie by\u0142o takie proste. Wi\u0119kszo\u015b\u0107 jacht\u00f3w p\u0142yn\u0119\u0142a z G\u00f3rek, czyli mia\u0142a<br \/><a class=\"moretag\" href=\"https:\/\/jkmgryf.pl\/en\/xxv-regaty-samotnikow-w-2015\/\">+ Read More<\/a><\/p>","protected":false},"author":3,"featured_media":7043,"comment_status":"closed","ping_status":"closed","sticky":false,"template":"","format":"standard","meta":{"footnotes":""},"categories":[14],"tags":[],"class_list":["post-6804","post","type-post","status-publish","format-standard","has-post-thumbnail","hentry","category-regaty_sam"],"yoast_head":"<!-- This site is optimized with the Yoast SEO plugin v27.4 - https:\/\/yoast.com\/product\/yoast-seo-wordpress\/ -->\n<title>XXV Regaty Samotnik\u00f3w w 2015 | JKM GRYF<\/title>\n<meta name=\"description\" content=\"Klub z tradycjami za\u0142o\u017cony w 1928 roku\" \/>\n<meta name=\"robots\" content=\"index, follow, max-snippet:-1, max-image-preview:large, max-video-preview:-1\" \/>\n<link rel=\"canonical\" href=\"https:\/\/jkmgryf.pl\/en\/xxv-regaty-samotnikow-w-2015\/\" \/>\n<meta property=\"og:locale\" content=\"en_GB\" \/>\n<meta property=\"og:type\" content=\"article\" \/>\n<meta property=\"og:title\" content=\"XXV Regaty Samotnik\u00f3w w 2015 | JKM GRYF\" \/>\n<meta property=\"og:description\" content=\"Klub z tradycjami za\u0142o\u017cony w 1928 roku\" \/>\n<meta property=\"og:url\" content=\"https:\/\/jkmgryf.pl\/en\/xxv-regaty-samotnikow-w-2015\/\" \/>\n<meta property=\"og:site_name\" content=\"JKM GRYF\" \/>\n<meta property=\"article:published_time\" content=\"2017-01-25T20:02:00+00:00\" \/>\n<meta property=\"article:modified_time\" content=\"2023-12-10T09:26:41+00:00\" \/>\n<meta property=\"og:image\" content=\"https:\/\/jkmgryf.pl\/wp-content\/uploads\/2023\/12\/plakat_sam2015.jpg\" \/>\n\t<meta property=\"og:image:width\" content=\"289\" \/>\n\t<meta property=\"og:image:height\" content=\"400\" \/>\n\t<meta property=\"og:image:type\" content=\"image\/jpeg\" \/>\n<meta name=\"author\" content=\"adminTK\" \/>\n<meta name=\"twitter:card\" content=\"summary_large_image\" \/>\n<meta name=\"twitter:label1\" content=\"Written by\" \/>\n\t<meta name=\"twitter:data1\" content=\"adminTK\" \/>\n\t<meta name=\"twitter:label2\" content=\"Estimated reading time\" \/>\n\t<meta name=\"twitter:data2\" content=\"4 minutes\" \/>\n<script type=\"application\/ld+json\" class=\"yoast-schema-graph\">{\"@context\":\"https:\\\/\\\/schema.org\",\"@graph\":[{\"@type\":\"Article\",\"@id\":\"https:\\\/\\\/jkmgryf.pl\\\/xxv-regaty-samotnikow-w-2015\\\/#article\",\"isPartOf\":{\"@id\":\"https:\\\/\\\/jkmgryf.pl\\\/xxv-regaty-samotnikow-w-2015\\\/\"},\"author\":{\"name\":\"adminTK\",\"@id\":\"https:\\\/\\\/jkmgryf.pl\\\/#\\\/schema\\\/person\\\/ef710f6425e5c59bd6c63f4eff41133e\"},\"headline\":\"XXV Regaty Samotnik\u00f3w w 2015\",\"datePublished\":\"2017-01-25T20:02:00+00:00\",\"dateModified\":\"2023-12-10T09:26:41+00:00\",\"mainEntityOfPage\":{\"@id\":\"https:\\\/\\\/jkmgryf.pl\\\/xxv-regaty-samotnikow-w-2015\\\/\"},\"wordCount\":748,\"publisher\":{\"@id\":\"https:\\\/\\\/jkmgryf.pl\\\/#organization\"},\"image\":{\"@id\":\"https:\\\/\\\/jkmgryf.pl\\\/xxv-regaty-samotnikow-w-2015\\\/#primaryimage\"},\"thumbnailUrl\":\"https:\\\/\\\/jkmgryf.pl\\\/wp-content\\\/uploads\\\/2023\\\/12\\\/plakat_sam2015.jpg\",\"articleSection\":[\"regaty samotnik\u00f3w\"],\"inLanguage\":\"en-GB\"},{\"@type\":\"WebPage\",\"@id\":\"https:\\\/\\\/jkmgryf.pl\\\/xxv-regaty-samotnikow-w-2015\\\/\",\"url\":\"https:\\\/\\\/jkmgryf.pl\\\/xxv-regaty-samotnikow-w-2015\\\/\",\"name\":\"XXV Regaty Samotnik\u00f3w w 2015 | JKM GRYF\",\"isPartOf\":{\"@id\":\"https:\\\/\\\/jkmgryf.pl\\\/#website\"},\"primaryImageOfPage\":{\"@id\":\"https:\\\/\\\/jkmgryf.pl\\\/xxv-regaty-samotnikow-w-2015\\\/#primaryimage\"},\"image\":{\"@id\":\"https:\\\/\\\/jkmgryf.pl\\\/xxv-regaty-samotnikow-w-2015\\\/#primaryimage\"},\"thumbnailUrl\":\"https:\\\/\\\/jkmgryf.pl\\\/wp-content\\\/uploads\\\/2023\\\/12\\\/plakat_sam2015.jpg\",\"datePublished\":\"2017-01-25T20:02:00+00:00\",\"dateModified\":\"2023-12-10T09:26:41+00:00\",\"description\":\"Klub z tradycjami za\u0142o\u017cony w 1928 roku\",\"breadcrumb\":{\"@id\":\"https:\\\/\\\/jkmgryf.pl\\\/xxv-regaty-samotnikow-w-2015\\\/#breadcrumb\"},\"inLanguage\":\"en-GB\",\"potentialAction\":[{\"@type\":\"ReadAction\",\"target\":[\"https:\\\/\\\/jkmgryf.pl\\\/xxv-regaty-samotnikow-w-2015\\\/\"]}]},{\"@type\":\"ImageObject\",\"inLanguage\":\"en-GB\",\"@id\":\"https:\\\/\\\/jkmgryf.pl\\\/xxv-regaty-samotnikow-w-2015\\\/#primaryimage\",\"url\":\"https:\\\/\\\/jkmgryf.pl\\\/wp-content\\\/uploads\\\/2023\\\/12\\\/plakat_sam2015.jpg\",\"contentUrl\":\"https:\\\/\\\/jkmgryf.pl\\\/wp-content\\\/uploads\\\/2023\\\/12\\\/plakat_sam2015.jpg\",\"width\":289,\"height\":400},{\"@type\":\"BreadcrumbList\",\"@id\":\"https:\\\/\\\/jkmgryf.pl\\\/xxv-regaty-samotnikow-w-2015\\\/#breadcrumb\",\"itemListElement\":[{\"@type\":\"ListItem\",\"position\":1,\"name\":\"Strona g\u0142\u00f3wna\",\"item\":\"https:\\\/\\\/jkmgryf.pl\\\/\"},{\"@type\":\"ListItem\",\"position\":2,\"name\":\"XXV Regaty Samotnik\u00f3w w 2015\"}]},{\"@type\":\"WebSite\",\"@id\":\"https:\\\/\\\/jkmgryf.pl\\\/#website\",\"url\":\"https:\\\/\\\/jkmgryf.pl\\\/\",\"name\":\"JKM GRYF\",\"description\":\"\",\"publisher\":{\"@id\":\"https:\\\/\\\/jkmgryf.pl\\\/#organization\"},\"potentialAction\":[{\"@type\":\"SearchAction\",\"target\":{\"@type\":\"EntryPoint\",\"urlTemplate\":\"https:\\\/\\\/jkmgryf.pl\\\/?s={search_term_string}\"},\"query-input\":{\"@type\":\"PropertyValueSpecification\",\"valueRequired\":true,\"valueName\":\"search_term_string\"}}],\"inLanguage\":\"en-GB\"},{\"@type\":\"Organization\",\"@id\":\"https:\\\/\\\/jkmgryf.pl\\\/#organization\",\"name\":\"JKM Gryf\",\"url\":\"https:\\\/\\\/jkmgryf.pl\\\/\",\"logo\":{\"@type\":\"ImageObject\",\"inLanguage\":\"en-GB\",\"@id\":\"https:\\\/\\\/jkmgryf.pl\\\/#\\\/schema\\\/logo\\\/image\\\/\",\"url\":\"https:\\\/\\\/jkmgryf.pl\\\/wp-content\\\/uploads\\\/2018\\\/10\\\/logo_klasyczne.png\",\"contentUrl\":\"https:\\\/\\\/jkmgryf.pl\\\/wp-content\\\/uploads\\\/2018\\\/10\\\/logo_klasyczne.png\",\"width\":161,\"height\":160,\"caption\":\"JKM Gryf\"},\"image\":{\"@id\":\"https:\\\/\\\/jkmgryf.pl\\\/#\\\/schema\\\/logo\\\/image\\\/\"}},{\"@type\":\"Person\",\"@id\":\"https:\\\/\\\/jkmgryf.pl\\\/#\\\/schema\\\/person\\\/ef710f6425e5c59bd6c63f4eff41133e\",\"name\":\"adminTK\",\"image\":{\"@type\":\"ImageObject\",\"inLanguage\":\"en-GB\",\"@id\":\"https:\\\/\\\/secure.gravatar.com\\\/avatar\\\/5a3e2a328aa17e56010e416aa005d6a065a35352d82c1b1984ef7d5c52919c5e?s=96&d=mm&r=g\",\"url\":\"https:\\\/\\\/secure.gravatar.com\\\/avatar\\\/5a3e2a328aa17e56010e416aa005d6a065a35352d82c1b1984ef7d5c52919c5e?s=96&d=mm&r=g\",\"contentUrl\":\"https:\\\/\\\/secure.gravatar.com\\\/avatar\\\/5a3e2a328aa17e56010e416aa005d6a065a35352d82c1b1984ef7d5c52919c5e?s=96&d=mm&r=g\",\"caption\":\"adminTK\"},\"sameAs\":[\"http:\\\/\\\/zpokladu.pl\"],\"url\":\"https:\\\/\\\/jkmgryf.pl\\\/en\\\/author\\\/tomek\\\/\"}]}<\/script>\n<!-- \/ Yoast SEO plugin. -->","yoast_head_json":{"title":"XXV Regaty Samotnik\u00f3w w 2015 | JKM GRYF","description":"Club with traditions founded in 1928","robots":{"index":"index","follow":"follow","max-snippet":"max-snippet:-1","max-image-preview":"max-image-preview:large","max-video-preview":"max-video-preview:-1"},"canonical":"https:\/\/jkmgryf.pl\/en\/xxv-regaty-samotnikow-w-2015\/","og_locale":"en_GB","og_type":"article","og_title":"XXV Regaty Samotnik\u00f3w w 2015 | JKM GRYF","og_description":"Klub z tradycjami za\u0142o\u017cony w 1928 roku","og_url":"https:\/\/jkmgryf.pl\/en\/xxv-regaty-samotnikow-w-2015\/","og_site_name":"JKM GRYF","article_published_time":"2017-01-25T20:02:00+00:00","article_modified_time":"2023-12-10T09:26:41+00:00","og_image":[{"width":289,"height":400,"url":"https:\/\/jkmgryf.pl\/wp-content\/uploads\/2023\/12\/plakat_sam2015.jpg","type":"image\/jpeg"}],"author":"adminTK","twitter_card":"summary_large_image","twitter_misc":{"Written by":"adminTK","Estimated reading time":"4 minutes"},"schema":{"@context":"https:\/\/schema.org","@graph":[{"@type":"Article","@id":"https:\/\/jkmgryf.pl\/xxv-regaty-samotnikow-w-2015\/#article","isPartOf":{"@id":"https:\/\/jkmgryf.pl\/xxv-regaty-samotnikow-w-2015\/"},"author":{"name":"adminTK","@id":"https:\/\/jkmgryf.pl\/#\/schema\/person\/ef710f6425e5c59bd6c63f4eff41133e"},"headline":"XXV Regaty Samotnik\u00f3w w 2015","datePublished":"2017-01-25T20:02:00+00:00","dateModified":"2023-12-10T09:26:41+00:00","mainEntityOfPage":{"@id":"https:\/\/jkmgryf.pl\/xxv-regaty-samotnikow-w-2015\/"},"wordCount":748,"publisher":{"@id":"https:\/\/jkmgryf.pl\/#organization"},"image":{"@id":"https:\/\/jkmgryf.pl\/xxv-regaty-samotnikow-w-2015\/#primaryimage"},"thumbnailUrl":"https:\/\/jkmgryf.pl\/wp-content\/uploads\/2023\/12\/plakat_sam2015.jpg","articleSection":["regaty samotnik\u00f3w"],"inLanguage":"en-GB"},{"@type":"WebPage","@id":"https:\/\/jkmgryf.pl\/xxv-regaty-samotnikow-w-2015\/","url":"https:\/\/jkmgryf.pl\/xxv-regaty-samotnikow-w-2015\/","name":"XXV Regaty Samotnik\u00f3w w 2015 | JKM GRYF","isPartOf":{"@id":"https:\/\/jkmgryf.pl\/#website"},"primaryImageOfPage":{"@id":"https:\/\/jkmgryf.pl\/xxv-regaty-samotnikow-w-2015\/#primaryimage"},"image":{"@id":"https:\/\/jkmgryf.pl\/xxv-regaty-samotnikow-w-2015\/#primaryimage"},"thumbnailUrl":"https:\/\/jkmgryf.pl\/wp-content\/uploads\/2023\/12\/plakat_sam2015.jpg","datePublished":"2017-01-25T20:02:00+00:00","dateModified":"2023-12-10T09:26:41+00:00","description":"Club with traditions founded in 1928","breadcrumb":{"@id":"https:\/\/jkmgryf.pl\/xxv-regaty-samotnikow-w-2015\/#breadcrumb"},"inLanguage":"en-GB","potentialAction":[{"@type":"ReadAction","target":["https:\/\/jkmgryf.pl\/xxv-regaty-samotnikow-w-2015\/"]}]},{"@type":"ImageObject","inLanguage":"en-GB","@id":"https:\/\/jkmgryf.pl\/xxv-regaty-samotnikow-w-2015\/#primaryimage","url":"https:\/\/jkmgryf.pl\/wp-content\/uploads\/2023\/12\/plakat_sam2015.jpg","contentUrl":"https:\/\/jkmgryf.pl\/wp-content\/uploads\/2023\/12\/plakat_sam2015.jpg","width":289,"height":400},{"@type":"BreadcrumbList","@id":"https:\/\/jkmgryf.pl\/xxv-regaty-samotnikow-w-2015\/#breadcrumb","itemListElement":[{"@type":"ListItem","position":1,"name":"Strona g\u0142\u00f3wna","item":"https:\/\/jkmgryf.pl\/"},{"@type":"ListItem","position":2,"name":"XXV Regaty Samotnik\u00f3w w 2015"}]},{"@type":"WebSite","@id":"https:\/\/jkmgryf.pl\/#website","url":"https:\/\/jkmgryf.pl\/","name":"JKM GRYF","description":"","publisher":{"@id":"https:\/\/jkmgryf.pl\/#organization"},"potentialAction":[{"@type":"SearchAction","target":{"@type":"EntryPoint","urlTemplate":"https:\/\/jkmgryf.pl\/?s={search_term_string}"},"query-input":{"@type":"PropertyValueSpecification","valueRequired":true,"valueName":"search_term_string"}}],"inLanguage":"en-GB"},{"@type":"Organization","@id":"https:\/\/jkmgryf.pl\/#organization","name":"JKM Gryf","url":"https:\/\/jkmgryf.pl\/","logo":{"@type":"ImageObject","inLanguage":"en-GB","@id":"https:\/\/jkmgryf.pl\/#\/schema\/logo\/image\/","url":"https:\/\/jkmgryf.pl\/wp-content\/uploads\/2018\/10\/logo_klasyczne.png","contentUrl":"https:\/\/jkmgryf.pl\/wp-content\/uploads\/2018\/10\/logo_klasyczne.png","width":161,"height":160,"caption":"JKM Gryf"},"image":{"@id":"https:\/\/jkmgryf.pl\/#\/schema\/logo\/image\/"}},{"@type":"Person","@id":"https:\/\/jkmgryf.pl\/#\/schema\/person\/ef710f6425e5c59bd6c63f4eff41133e","name":"adminTK","image":{"@type":"ImageObject","inLanguage":"en-GB","@id":"https:\/\/secure.gravatar.com\/avatar\/5a3e2a328aa17e56010e416aa005d6a065a35352d82c1b1984ef7d5c52919c5e?s=96&d=mm&r=g","url":"https:\/\/secure.gravatar.com\/avatar\/5a3e2a328aa17e56010e416aa005d6a065a35352d82c1b1984ef7d5c52919c5e?s=96&d=mm&r=g","contentUrl":"https:\/\/secure.gravatar.com\/avatar\/5a3e2a328aa17e56010e416aa005d6a065a35352d82c1b1984ef7d5c52919c5e?s=96&d=mm&r=g","caption":"adminTK"},"sameAs":["http:\/\/zpokladu.pl"],"url":"https:\/\/jkmgryf.pl\/en\/author\/tomek\/"}]}},"_links":{"self":[{"href":"https:\/\/jkmgryf.pl\/en\/wp-json\/wp\/v2\/posts\/6804","targetHints":{"allow":["GET"]}}],"collection":[{"href":"https:\/\/jkmgryf.pl\/en\/wp-json\/wp\/v2\/posts"}],"about":[{"href":"https:\/\/jkmgryf.pl\/en\/wp-json\/wp\/v2\/types\/post"}],"author":[{"embeddable":true,"href":"https:\/\/jkmgryf.pl\/en\/wp-json\/wp\/v2\/users\/3"}],"replies":[{"embeddable":true,"href":"https:\/\/jkmgryf.pl\/en\/wp-json\/wp\/v2\/comments?post=6804"}],"version-history":[{"count":10,"href":"https:\/\/jkmgryf.pl\/en\/wp-json\/wp\/v2\/posts\/6804\/revisions"}],"predecessor-version":[{"id":7056,"href":"https:\/\/jkmgryf.pl\/en\/wp-json\/wp\/v2\/posts\/6804\/revisions\/7056"}],"wp:featuredmedia":[{"embeddable":true,"href":"https:\/\/jkmgryf.pl\/en\/wp-json\/wp\/v2\/media\/7043"}],"wp:attachment":[{"href":"https:\/\/jkmgryf.pl\/en\/wp-json\/wp\/v2\/media?parent=6804"}],"wp:term":[{"taxonomy":"category","embeddable":true,"href":"https:\/\/jkmgryf.pl\/en\/wp-json\/wp\/v2\/categories?post=6804"},{"taxonomy":"post_tag","embeddable":true,"href":"https:\/\/jkmgryf.pl\/en\/wp-json\/wp\/v2\/tags?post=6804"}],"curies":[{"name":"wp","href":"https:\/\/api.w.org\/{rel}","templated":true}]}}