{"id":5688,"date":"2023-11-04T00:34:39","date_gmt":"2023-11-03T22:34:39","guid":{"rendered":"https:\/\/jkmgryf.pl\/?p=5688"},"modified":"2023-11-05T18:03:29","modified_gmt":"2023-11-05T16:03:29","slug":"regaty-85-lecia-w-roku-2013","status":"publish","type":"post","link":"https:\/\/jkmgryf.pl\/en\/regaty-85-lecia-w-roku-2013\/","title":{"rendered":"Regaty 85-lecia w 2013 roku"},"content":{"rendered":"<figure class=\"wp-block-image size-full\"><img loading=\"lazy\" decoding=\"async\" width=\"286\" height=\"400\" src=\"https:\/\/jkmgryf.pl\/wp-content\/uploads\/2023\/11\/regaty85_plakat.jpg\" alt=\"\" class=\"wp-image-5686\" srcset=\"https:\/\/jkmgryf.pl\/wp-content\/uploads\/2023\/11\/regaty85_plakat.jpg 286w, https:\/\/jkmgryf.pl\/wp-content\/uploads\/2023\/11\/regaty85_plakat-215x300.jpg 215w, https:\/\/jkmgryf.pl\/wp-content\/uploads\/2023\/11\/regaty85_plakat-9x12.jpg 9w\" sizes=\"auto, (max-width: 286px) 100vw, 286px\" \/><\/figure>\n\n\n\n<p>Zako\u0144czy\u0142y si\u0119 drugie ju\u017c regaty rocznicowe (pierwsze odby\u0142y si\u0119 5 lat temu). Trasa ambitna w za\u0142o\u017ceniach, 251 mil (drugie co do d\u0142ugo\u015bci regaty morskie w Polsce). Trasa przy tym do\u015b\u0107 trudna, bo okr\u0105\u017canie P\u00f3\u0142wyspu Helskiego w nocy zawsze rodzi problemy taktyczne.<\/p>\n\n\n\n<p>Zg\u0142osi\u0142o si\u0119 do regat 12 jacht\u00f3w, i tyle jacht\u00f3w wystartowa\u0142o. Dwa jachty \u015bciga\u0142y si\u0119 w grupie OPEN, czyli bez przelicze\u0144, pi\u0119\u0107 jacht\u00f3w w grupie drugiej KWR, pi\u0119\u0107 w grupie pierwszej KWR. Dodatkowo by\u0142a prowadzona klasyfikacja r\u00f3wnoleg\u0142a dla jacht\u00f3w maj\u0105cych \u015bwiadectwo ORC, i jeszcze dodatkowo klasyfikacja \u017ceglarzy samotnych, przeliczanych wg KWR.<\/p>\n\n\n\n<p>Ju\u017c przed startem analizowana by\u0142a propozycja skr\u00f3cenia trasy, ze wzgl\u0119du na fatalne prognozy, czyli brak wiatru.<\/p>\n\n\n\n<p>Start nast\u0105pi\u0142 punktualnie, czyli o godzinie 19:00. Ju\u017c na boi rozprowadzaj\u0105cej cz\u0119\u015b\u0107 jacht\u00f3w stan\u0119\u0142a na chwil\u0119 z powodu braku wiatru. Potem wszyscy ruszyli, cz\u0119\u015b\u0107 pod spinakerami i do Helu by\u0142o jeszcze dobrze. W nocy wiatr \u015bcich\u0142, jachty dryfowa\u0142y na silnym pr\u0105dzie do ty\u0142u, jachty bardziej z przodu, szybsze i l\u017cejsze, korzysta\u0142y z resztek podmuch\u00f3w. Nast\u0105pi\u0142y pierwsze przetasowania, niekt\u00f3re jachty mija\u0142y si\u0119 kilka razy w ci\u0105gu nocy p\u0142yn\u0105c na spokojnej wodzie z minimaln\u0105 pr\u0119dko\u015bci\u0105.<\/p>\n\n\n\n<p>Rano sytuacja niewiele si\u0119 poprawia\u0142a, cz\u0119\u015b\u0107 jacht\u00f3w by\u0142a za Jastarni\u0105, cz\u0119\u015b\u0107 w okolicach Helu. Wida\u0107 by\u0142o, a raczej s\u0142ycha\u0107 w UKF-kach, zniech\u0119cenie za\u0142\u00f3g i czarny humor. Po naradzie, po analizie prognoz, po zgodzie wszystkich skiper\u00f3w, komisja regatowa podj\u0119\u0142a decyzj\u0119 o zmianie trasy. Now\u0105 \u201eboj\u0105 zwrotn\u0105\u201d sta\u0142 si\u0119 zesp\u00f3\u0142 platform Petrobalticu. Skraca\u0142o to tras\u0119 regat o 100 mil, ale rodzi\u0142o nowy problem: okr\u0105\u017canie platform bez naruszenia pasa ochronnego o promieniu 2,5 mili.<\/p>\n\n\n\n<p>Ale na razie by\u0142 pi\u0105tek, oko\u0142o po\u0142udnia, wiatr ca\u0142y czas s\u0142aby, zmienny, kr\u0119c\u0105cy. Tym niemniej kilka jacht\u00f3w wyra\u017anie odskoczy\u0142o. Zaci\u0119ty pojedynek na spinakery prowadzi\u0142y ze sob\u0105 S\u0142oni i Czarodziejka, przez kilka godzin id\u0105ce \u0142eb w \u0142eb, doganiaj\u0105ce powoli b\u0119d\u0105cego na czele Polleda i uciekaj\u0105ce przed zaci\u0119t\u0105 grup\u0105 po\u015bcigow\u0105 w postaci Blues in A, Resumee i Quick Livenera. Zw\u0142aszcza Resumee budzi\u0142 nasz podziw, samotnie walcz\u0105cy na spinakerze, i to skutecznie walcz\u0105cy. Z ty\u0142u sytuacja wygl\u0105da\u0142a gorzej, jachty pod Helem, za Helem, cofaj\u0105ce si\u0119 na pr\u0105dzie i bez wiatru, potem ruszaj\u0105ce do przodu. Wiecz\u00f3r przyni\u00f3s\u0142 pewn\u0105 stabilizacj\u0119 wiatru i wzrost jego si\u0142y. Czo\u0142\u00f3wka ruszy\u0142a, pierwszy \u201ena orbit\u0119\u201d wok\u00f3\u0142 platform wszed\u0142 Polled, niedaleko za nim S\u0142oni i te\u017c niedaleko za S\u0142onim \u2013 Czarodziejka. Pod spinakerem, pocz\u0105tkowo na pe\u0142nym fordewindzie, trzymaj\u0105c w gar\u015bci GPS-a albo wpatruj\u0105c si\u0119 w ekran plotera, za\u0142ogi prowadzi\u0142y swoje jachty po okr\u0119gu, p\u0142yn\u0105c coraz szybciej, w nocy, w coraz silniejszym wietrze. Wygl\u0105da\u0142o to fantastycznie z pok\u0142adu Czarodziejki: mocno o\u015bwietlona platforma ca\u0142y czas na lewym trawersie, a w lewo przed dziobem dwa \u015bwiat\u0142a konkurent\u00f3w, id\u0105cych jak po sznurku. I tak ponad godzin\u0119. By\u0142a to naprawd\u0119 bardzo du\u017ca \u201eboja zwrotna\u201d!<\/p>\n\n\n\n<p>W pewnym momencie spinakery trzeba by\u0142o zrzuci\u0107, a po kolejnych minutach wiatr wyrzuca\u0142 jachty z \u201eorbity\u201d. Zacz\u0119\u0142a si\u0119 hals\u00f3wka, kt\u00f3ra podzieli\u0142a stawk\u0119. Koncepcje by\u0142y r\u00f3\u017cne, cz\u0119\u015b\u0107 jacht\u00f3w sz\u0142a pod brzeg, cz\u0119\u015b\u0107 w morze, a cz\u0119\u015b\u0107 \u015brodkiem. Pozosta\u0142e jachty po kolei wchodzi\u0142y na orbit\u0119 i z niej schodzi\u0142y, m\u00f3wi\u0105c o tym przez radio. W og\u00f3le te regaty by\u0142y radiowo mocno przegadane. Jako\u015b\u0107 \u0142\u0105czno\u015bci sta\u0142a si\u0119 miernikiem odleg\u0142o\u015bci mi\u0119dzy jachtami \u201etego ju\u017c nie s\u0142ycha\u0107, znaczy uciekli\u015bmy mu\u201d. Albo odwrotnie&#8230; \ud83d\ude09 \u015awit przyni\u00f3s\u0142 silniejszy wiatr, kilka jacht\u00f3w nawet si\u0119 zarefowa\u0142o. Dla nas fantastyczna \u017cegluga na fali i pod wiatr (by\u0142o cudownie po wcze\u015bniejszej ciszy) sko\u0144czy\u0142a si\u0119 nagle, gdy strzeli\u0142 fa\u0142 grota. Zmusi\u0142o to nas do zastosowania fa\u0142u zast\u0119pczego, na kt\u00f3rym grot musia\u0142 by\u0107 zarefowany. Do tego fa\u0142 ten okr\u0119ci\u0142 si\u0119 na maszcie wok\u00f3\u0142 lamp co w og\u00f3le skomplikowa\u0142o sytuacj\u0119. Ale po chwili Krzysztof po prostu wszed\u0142 na maszt do salingu, odpl\u0105ta\u0142 fa\u0142 i zaraz potem grot ju\u017c sta\u0142. Mniejszy o jeden ref, ale sta\u0142 i pracowa\u0142!<\/p>\n\n\n\n<p>Rado\u015b\u0107 z silniejszego wiatru nie trwa\u0142a d\u0142ugo. Wszelkie kalkulacje, oceny pozycji w stosunku do jacht\u00f3w ujrzanych w \u015bwietle dziennym wzi\u0119\u0142y w \u0142eb, gdy wiatr \u015bcich\u0142, a potem mocno odkr\u0119ci\u0142. Komu, jak i gdzie odkr\u0119ci\u0142, jak nale\u017ca\u0142o p\u0142yn\u0105\u0107, mo\u017ce by\u0107 tematem dyskusji w d\u0142ugie wieczory. Warunki by\u0142y bardzo zmienne, jachty bardzo blisko siebie p\u0142yn\u0119\u0142y cz\u0119sto zupe\u0142nie r\u00f3\u017cnymi kursami. Drugi \u015bwit, drugi poranek, drugie po\u0142udnie. Widok Rozewia, potem W\u0142adys\u0142awowa. Widok konkurencji, przed dziobem i za ruf\u0105, podrywa\u0142 za\u0142ogi do dalszej walki. Kolejny zaci\u0119ty pojedynek, d\u0142uuugi, wielomilowy i wielogodzinny pojedynek na spinakery stoczy\u0142y Orion i Czarodziejka. Zacz\u0119\u0142o si\u0119 przed Jastarni\u0105 a sko\u0144czy\u0142o dopiero przed met\u0105, gdy wiatr zn\u00f3w \u015bcich\u0142 i zacz\u0105\u0142 bardzo mocno kr\u0119ci\u0107. Zreszt\u0105, po drodze te\u017c kr\u0119ci\u0142 i cich\u0142 nawet do zera. Ale trafi\u0142y si\u0119 momenty, gdy przywia\u0142o naprawd\u0119 konkretnie a log pokaza\u0142 7 w\u0119z\u0142\u00f3w Cz\u0119\u015b\u0107 jacht\u00f3w halsowa\u0142a na tej samej trasie pod wiatr, a kolejna cz\u0119\u015b\u0107 halsowa\u0142a z wiatrem. Albo i bez wiatru.<\/p>\n\n\n\n<p>Pierwszy na mecie pojawi\u0142 si\u0119 Polled, o godzinie 16:18 w sobot\u0119. Ostatnim jachtem, kt\u00f3ry wszed\u0142 na met\u0119 by\u0142a Andromeda (z podartym grotem), by\u0142o to ju\u017c w niedziel\u0119, o godzinie 6:58 rano.<\/p>\n\n\n\n<p>Ca\u0142e regaty wymaga\u0142y ci\u0105g\u0142ej czujno\u015bci, szukania wiatru, prowadzenia spinaker\u00f3w przez brasy lekkowiatrowe, ci\u0105g\u0142ych manewr\u00f3w, przebrasowa\u0144, zwrot\u00f3w, stawiania i zrzucania spinakera czy genakera.<\/p>\n\n\n\n<p>Co ciekawe, wszystkim z kt\u00f3rymi rozmawia\u0142em, si\u0119 podoba\u0142o. Jak wida\u0107 \u015bciganci, tak\u017ce amatorzy, to specyficzna grupa \u017ceglarzy.<\/p>\n\n\n\n<p>Satysfakcja z przep\u0142yni\u0119cia trasy du\u017ca, a zm\u0119czenie nie mniejsze.<\/p>\n\n\n\n<p>Relacj\u0119 z pok\u0142adu Czarodziejki napisa\u0142 Tomasz Konnak.<\/p>\n\n\n\n<p><strong><a href=\"https:\/\/jkmgryf.pl\/wp-content\/uploads\/2023\/11\/regaty85_wyniki.html\" target=\"_blank\" rel=\"noreferrer noopener\">Wyniki regat<\/a><\/strong><\/p>\n\n\n\n<p>Znani autorzy zdj\u0119\u0107 w galerii to <strong>Bronis\u0142aw Ku\u015bnierz, Renata Loska i Piotr Gryko<\/strong>. Zdj\u0119cia robi\u0142 jeszcze kto\u015b, ale niestety, nie wiemy kto.<\/p>","protected":false},"excerpt":{"rendered":"<p>Zako\u0144czy\u0142y si\u0119 drugie ju\u017c regaty rocznicowe (pierwsze odby\u0142y si\u0119 5 lat temu). Trasa ambitna w za\u0142o\u017ceniach, 251 mil (drugie co do d\u0142ugo\u015bci regaty morskie w Polsce). Trasa przy tym do\u015b\u0107 trudna, bo okr\u0105\u017canie P\u00f3\u0142wyspu Helskiego w nocy zawsze rodzi problemy taktyczne. Zg\u0142osi\u0142o si\u0119 do regat 12 jacht\u00f3w, i tyle jacht\u00f3w wystartowa\u0142o. Dwa jachty \u015bciga\u0142y si\u0119<br \/><a class=\"moretag\" href=\"https:\/\/jkmgryf.pl\/en\/regaty-85-lecia-w-roku-2013\/\">+ Read More<\/a><\/p>","protected":false},"author":3,"featured_media":5686,"comment_status":"closed","ping_status":"closed","sticky":false,"template":"","format":"standard","meta":{"footnotes":""},"categories":[3,1],"tags":[],"class_list":["post-5688","post","type-post","status-publish","format-standard","has-post-thumbnail","hentry","category-inf_klubowe","category-uncategorized"],"yoast_head":"<!-- This site is optimized with the Yoast SEO plugin v27.4 - https:\/\/yoast.com\/product\/yoast-seo-wordpress\/ -->\n<title>Regaty 85-lecia w 2013 roku | JKM GRYF<\/title>\n<meta name=\"description\" content=\"Klub z tradycjami za\u0142o\u017cony w 1928 roku\" \/>\n<meta name=\"robots\" content=\"index, follow, max-snippet:-1, max-image-preview:large, max-video-preview:-1\" \/>\n<link rel=\"canonical\" href=\"https:\/\/jkmgryf.pl\/en\/regaty-85-lecia-w-roku-2013\/\" \/>\n<meta property=\"og:locale\" content=\"en_GB\" \/>\n<meta property=\"og:type\" content=\"article\" \/>\n<meta property=\"og:title\" content=\"Regaty 85-lecia w 2013 roku | JKM GRYF\" \/>\n<meta property=\"og:description\" content=\"Klub z tradycjami za\u0142o\u017cony w 1928 roku\" \/>\n<meta property=\"og:url\" content=\"https:\/\/jkmgryf.pl\/en\/regaty-85-lecia-w-roku-2013\/\" \/>\n<meta property=\"og:site_name\" content=\"JKM GRYF\" \/>\n<meta property=\"article:published_time\" content=\"2023-11-03T22:34:39+00:00\" \/>\n<meta property=\"article:modified_time\" content=\"2023-11-05T16:03:29+00:00\" \/>\n<meta property=\"og:image\" content=\"https:\/\/jkmgryf.pl\/wp-content\/uploads\/2023\/11\/regaty85_plakat.jpg\" \/>\n\t<meta property=\"og:image:width\" content=\"286\" \/>\n\t<meta property=\"og:image:height\" content=\"400\" \/>\n\t<meta property=\"og:image:type\" content=\"image\/jpeg\" \/>\n<meta name=\"author\" content=\"adminTK\" \/>\n<meta name=\"twitter:card\" content=\"summary_large_image\" \/>\n<meta name=\"twitter:label1\" content=\"Written by\" \/>\n\t<meta name=\"twitter:data1\" content=\"adminTK\" \/>\n\t<meta name=\"twitter:label2\" content=\"Estimated reading time\" \/>\n\t<meta name=\"twitter:data2\" content=\"6 minutes\" \/>\n<script type=\"application\/ld+json\" class=\"yoast-schema-graph\">{\"@context\":\"https:\\\/\\\/schema.org\",\"@graph\":[{\"@type\":\"Article\",\"@id\":\"https:\\\/\\\/jkmgryf.pl\\\/regaty-85-lecia-w-roku-2013\\\/#article\",\"isPartOf\":{\"@id\":\"https:\\\/\\\/jkmgryf.pl\\\/regaty-85-lecia-w-roku-2013\\\/\"},\"author\":{\"name\":\"adminTK\",\"@id\":\"https:\\\/\\\/jkmgryf.pl\\\/#\\\/schema\\\/person\\\/ef710f6425e5c59bd6c63f4eff41133e\"},\"headline\":\"Regaty 85-lecia w 2013 roku\",\"datePublished\":\"2023-11-03T22:34:39+00:00\",\"dateModified\":\"2023-11-05T16:03:29+00:00\",\"mainEntityOfPage\":{\"@id\":\"https:\\\/\\\/jkmgryf.pl\\\/regaty-85-lecia-w-roku-2013\\\/\"},\"wordCount\":1072,\"publisher\":{\"@id\":\"https:\\\/\\\/jkmgryf.pl\\\/#organization\"},\"image\":{\"@id\":\"https:\\\/\\\/jkmgryf.pl\\\/regaty-85-lecia-w-roku-2013\\\/#primaryimage\"},\"thumbnailUrl\":\"https:\\\/\\\/jkmgryf.pl\\\/wp-content\\\/uploads\\\/2023\\\/11\\\/regaty85_plakat.jpg\",\"articleSection\":[\"inf_klubowe\",\"Uncategorized\"],\"inLanguage\":\"en-GB\"},{\"@type\":\"WebPage\",\"@id\":\"https:\\\/\\\/jkmgryf.pl\\\/regaty-85-lecia-w-roku-2013\\\/\",\"url\":\"https:\\\/\\\/jkmgryf.pl\\\/regaty-85-lecia-w-roku-2013\\\/\",\"name\":\"Regaty 85-lecia w 2013 roku | JKM GRYF\",\"isPartOf\":{\"@id\":\"https:\\\/\\\/jkmgryf.pl\\\/#website\"},\"primaryImageOfPage\":{\"@id\":\"https:\\\/\\\/jkmgryf.pl\\\/regaty-85-lecia-w-roku-2013\\\/#primaryimage\"},\"image\":{\"@id\":\"https:\\\/\\\/jkmgryf.pl\\\/regaty-85-lecia-w-roku-2013\\\/#primaryimage\"},\"thumbnailUrl\":\"https:\\\/\\\/jkmgryf.pl\\\/wp-content\\\/uploads\\\/2023\\\/11\\\/regaty85_plakat.jpg\",\"datePublished\":\"2023-11-03T22:34:39+00:00\",\"dateModified\":\"2023-11-05T16:03:29+00:00\",\"description\":\"Klub z tradycjami za\u0142o\u017cony w 1928 roku\",\"breadcrumb\":{\"@id\":\"https:\\\/\\\/jkmgryf.pl\\\/regaty-85-lecia-w-roku-2013\\\/#breadcrumb\"},\"inLanguage\":\"en-GB\",\"potentialAction\":[{\"@type\":\"ReadAction\",\"target\":[\"https:\\\/\\\/jkmgryf.pl\\\/regaty-85-lecia-w-roku-2013\\\/\"]}]},{\"@type\":\"ImageObject\",\"inLanguage\":\"en-GB\",\"@id\":\"https:\\\/\\\/jkmgryf.pl\\\/regaty-85-lecia-w-roku-2013\\\/#primaryimage\",\"url\":\"https:\\\/\\\/jkmgryf.pl\\\/wp-content\\\/uploads\\\/2023\\\/11\\\/regaty85_plakat.jpg\",\"contentUrl\":\"https:\\\/\\\/jkmgryf.pl\\\/wp-content\\\/uploads\\\/2023\\\/11\\\/regaty85_plakat.jpg\",\"width\":286,\"height\":400},{\"@type\":\"BreadcrumbList\",\"@id\":\"https:\\\/\\\/jkmgryf.pl\\\/regaty-85-lecia-w-roku-2013\\\/#breadcrumb\",\"itemListElement\":[{\"@type\":\"ListItem\",\"position\":1,\"name\":\"Strona g\u0142\u00f3wna\",\"item\":\"https:\\\/\\\/jkmgryf.pl\\\/\"},{\"@type\":\"ListItem\",\"position\":2,\"name\":\"Regaty 85-lecia w 2013 roku\"}]},{\"@type\":\"WebSite\",\"@id\":\"https:\\\/\\\/jkmgryf.pl\\\/#website\",\"url\":\"https:\\\/\\\/jkmgryf.pl\\\/\",\"name\":\"JKM GRYF\",\"description\":\"\",\"publisher\":{\"@id\":\"https:\\\/\\\/jkmgryf.pl\\\/#organization\"},\"potentialAction\":[{\"@type\":\"SearchAction\",\"target\":{\"@type\":\"EntryPoint\",\"urlTemplate\":\"https:\\\/\\\/jkmgryf.pl\\\/?s={search_term_string}\"},\"query-input\":{\"@type\":\"PropertyValueSpecification\",\"valueRequired\":true,\"valueName\":\"search_term_string\"}}],\"inLanguage\":\"en-GB\"},{\"@type\":\"Organization\",\"@id\":\"https:\\\/\\\/jkmgryf.pl\\\/#organization\",\"name\":\"JKM Gryf\",\"url\":\"https:\\\/\\\/jkmgryf.pl\\\/\",\"logo\":{\"@type\":\"ImageObject\",\"inLanguage\":\"en-GB\",\"@id\":\"https:\\\/\\\/jkmgryf.pl\\\/#\\\/schema\\\/logo\\\/image\\\/\",\"url\":\"https:\\\/\\\/jkmgryf.pl\\\/wp-content\\\/uploads\\\/2018\\\/10\\\/logo_klasyczne.png\",\"contentUrl\":\"https:\\\/\\\/jkmgryf.pl\\\/wp-content\\\/uploads\\\/2018\\\/10\\\/logo_klasyczne.png\",\"width\":161,\"height\":160,\"caption\":\"JKM Gryf\"},\"image\":{\"@id\":\"https:\\\/\\\/jkmgryf.pl\\\/#\\\/schema\\\/logo\\\/image\\\/\"}},{\"@type\":\"Person\",\"@id\":\"https:\\\/\\\/jkmgryf.pl\\\/#\\\/schema\\\/person\\\/ef710f6425e5c59bd6c63f4eff41133e\",\"name\":\"adminTK\",\"image\":{\"@type\":\"ImageObject\",\"inLanguage\":\"en-GB\",\"@id\":\"https:\\\/\\\/secure.gravatar.com\\\/avatar\\\/5a3e2a328aa17e56010e416aa005d6a065a35352d82c1b1984ef7d5c52919c5e?s=96&d=mm&r=g\",\"url\":\"https:\\\/\\\/secure.gravatar.com\\\/avatar\\\/5a3e2a328aa17e56010e416aa005d6a065a35352d82c1b1984ef7d5c52919c5e?s=96&d=mm&r=g\",\"contentUrl\":\"https:\\\/\\\/secure.gravatar.com\\\/avatar\\\/5a3e2a328aa17e56010e416aa005d6a065a35352d82c1b1984ef7d5c52919c5e?s=96&d=mm&r=g\",\"caption\":\"adminTK\"},\"sameAs\":[\"http:\\\/\\\/zpokladu.pl\"],\"url\":\"https:\\\/\\\/jkmgryf.pl\\\/en\\\/author\\\/tomek\\\/\"}]}<\/script>\n<!-- \/ Yoast SEO plugin. -->","yoast_head_json":{"title":"Regaty 85-lecia w 2013 roku | JKM GRYF","description":"Club with traditions founded in 1928","robots":{"index":"index","follow":"follow","max-snippet":"max-snippet:-1","max-image-preview":"max-image-preview:large","max-video-preview":"max-video-preview:-1"},"canonical":"https:\/\/jkmgryf.pl\/en\/regaty-85-lecia-w-roku-2013\/","og_locale":"en_GB","og_type":"article","og_title":"Regaty 85-lecia w 2013 roku | JKM GRYF","og_description":"Klub z tradycjami za\u0142o\u017cony w 1928 roku","og_url":"https:\/\/jkmgryf.pl\/en\/regaty-85-lecia-w-roku-2013\/","og_site_name":"JKM GRYF","article_published_time":"2023-11-03T22:34:39+00:00","article_modified_time":"2023-11-05T16:03:29+00:00","og_image":[{"width":286,"height":400,"url":"https:\/\/jkmgryf.pl\/wp-content\/uploads\/2023\/11\/regaty85_plakat.jpg","type":"image\/jpeg"}],"author":"adminTK","twitter_card":"summary_large_image","twitter_misc":{"Written by":"adminTK","Estimated reading time":"6 minutes"},"schema":{"@context":"https:\/\/schema.org","@graph":[{"@type":"Article","@id":"https:\/\/jkmgryf.pl\/regaty-85-lecia-w-roku-2013\/#article","isPartOf":{"@id":"https:\/\/jkmgryf.pl\/regaty-85-lecia-w-roku-2013\/"},"author":{"name":"adminTK","@id":"https:\/\/jkmgryf.pl\/#\/schema\/person\/ef710f6425e5c59bd6c63f4eff41133e"},"headline":"Regaty 85-lecia w 2013 roku","datePublished":"2023-11-03T22:34:39+00:00","dateModified":"2023-11-05T16:03:29+00:00","mainEntityOfPage":{"@id":"https:\/\/jkmgryf.pl\/regaty-85-lecia-w-roku-2013\/"},"wordCount":1072,"publisher":{"@id":"https:\/\/jkmgryf.pl\/#organization"},"image":{"@id":"https:\/\/jkmgryf.pl\/regaty-85-lecia-w-roku-2013\/#primaryimage"},"thumbnailUrl":"https:\/\/jkmgryf.pl\/wp-content\/uploads\/2023\/11\/regaty85_plakat.jpg","articleSection":["inf_klubowe","Uncategorized"],"inLanguage":"en-GB"},{"@type":"WebPage","@id":"https:\/\/jkmgryf.pl\/regaty-85-lecia-w-roku-2013\/","url":"https:\/\/jkmgryf.pl\/regaty-85-lecia-w-roku-2013\/","name":"Regaty 85-lecia w 2013 roku | JKM GRYF","isPartOf":{"@id":"https:\/\/jkmgryf.pl\/#website"},"primaryImageOfPage":{"@id":"https:\/\/jkmgryf.pl\/regaty-85-lecia-w-roku-2013\/#primaryimage"},"image":{"@id":"https:\/\/jkmgryf.pl\/regaty-85-lecia-w-roku-2013\/#primaryimage"},"thumbnailUrl":"https:\/\/jkmgryf.pl\/wp-content\/uploads\/2023\/11\/regaty85_plakat.jpg","datePublished":"2023-11-03T22:34:39+00:00","dateModified":"2023-11-05T16:03:29+00:00","description":"Club with traditions founded in 1928","breadcrumb":{"@id":"https:\/\/jkmgryf.pl\/regaty-85-lecia-w-roku-2013\/#breadcrumb"},"inLanguage":"en-GB","potentialAction":[{"@type":"ReadAction","target":["https:\/\/jkmgryf.pl\/regaty-85-lecia-w-roku-2013\/"]}]},{"@type":"ImageObject","inLanguage":"en-GB","@id":"https:\/\/jkmgryf.pl\/regaty-85-lecia-w-roku-2013\/#primaryimage","url":"https:\/\/jkmgryf.pl\/wp-content\/uploads\/2023\/11\/regaty85_plakat.jpg","contentUrl":"https:\/\/jkmgryf.pl\/wp-content\/uploads\/2023\/11\/regaty85_plakat.jpg","width":286,"height":400},{"@type":"BreadcrumbList","@id":"https:\/\/jkmgryf.pl\/regaty-85-lecia-w-roku-2013\/#breadcrumb","itemListElement":[{"@type":"ListItem","position":1,"name":"Strona g\u0142\u00f3wna","item":"https:\/\/jkmgryf.pl\/"},{"@type":"ListItem","position":2,"name":"Regaty 85-lecia w 2013 roku"}]},{"@type":"WebSite","@id":"https:\/\/jkmgryf.pl\/#website","url":"https:\/\/jkmgryf.pl\/","name":"JKM GRYF","description":"","publisher":{"@id":"https:\/\/jkmgryf.pl\/#organization"},"potentialAction":[{"@type":"SearchAction","target":{"@type":"EntryPoint","urlTemplate":"https:\/\/jkmgryf.pl\/?s={search_term_string}"},"query-input":{"@type":"PropertyValueSpecification","valueRequired":true,"valueName":"search_term_string"}}],"inLanguage":"en-GB"},{"@type":"Organization","@id":"https:\/\/jkmgryf.pl\/#organization","name":"JKM Gryf","url":"https:\/\/jkmgryf.pl\/","logo":{"@type":"ImageObject","inLanguage":"en-GB","@id":"https:\/\/jkmgryf.pl\/#\/schema\/logo\/image\/","url":"https:\/\/jkmgryf.pl\/wp-content\/uploads\/2018\/10\/logo_klasyczne.png","contentUrl":"https:\/\/jkmgryf.pl\/wp-content\/uploads\/2018\/10\/logo_klasyczne.png","width":161,"height":160,"caption":"JKM Gryf"},"image":{"@id":"https:\/\/jkmgryf.pl\/#\/schema\/logo\/image\/"}},{"@type":"Person","@id":"https:\/\/jkmgryf.pl\/#\/schema\/person\/ef710f6425e5c59bd6c63f4eff41133e","name":"adminTK","image":{"@type":"ImageObject","inLanguage":"en-GB","@id":"https:\/\/secure.gravatar.com\/avatar\/5a3e2a328aa17e56010e416aa005d6a065a35352d82c1b1984ef7d5c52919c5e?s=96&d=mm&r=g","url":"https:\/\/secure.gravatar.com\/avatar\/5a3e2a328aa17e56010e416aa005d6a065a35352d82c1b1984ef7d5c52919c5e?s=96&d=mm&r=g","contentUrl":"https:\/\/secure.gravatar.com\/avatar\/5a3e2a328aa17e56010e416aa005d6a065a35352d82c1b1984ef7d5c52919c5e?s=96&d=mm&r=g","caption":"adminTK"},"sameAs":["http:\/\/zpokladu.pl"],"url":"https:\/\/jkmgryf.pl\/en\/author\/tomek\/"}]}},"_links":{"self":[{"href":"https:\/\/jkmgryf.pl\/en\/wp-json\/wp\/v2\/posts\/5688","targetHints":{"allow":["GET"]}}],"collection":[{"href":"https:\/\/jkmgryf.pl\/en\/wp-json\/wp\/v2\/posts"}],"about":[{"href":"https:\/\/jkmgryf.pl\/en\/wp-json\/wp\/v2\/types\/post"}],"author":[{"embeddable":true,"href":"https:\/\/jkmgryf.pl\/en\/wp-json\/wp\/v2\/users\/3"}],"replies":[{"embeddable":true,"href":"https:\/\/jkmgryf.pl\/en\/wp-json\/wp\/v2\/comments?post=5688"}],"version-history":[{"count":4,"href":"https:\/\/jkmgryf.pl\/en\/wp-json\/wp\/v2\/posts\/5688\/revisions"}],"predecessor-version":[{"id":5769,"href":"https:\/\/jkmgryf.pl\/en\/wp-json\/wp\/v2\/posts\/5688\/revisions\/5769"}],"wp:featuredmedia":[{"embeddable":true,"href":"https:\/\/jkmgryf.pl\/en\/wp-json\/wp\/v2\/media\/5686"}],"wp:attachment":[{"href":"https:\/\/jkmgryf.pl\/en\/wp-json\/wp\/v2\/media?parent=5688"}],"wp:term":[{"taxonomy":"category","embeddable":true,"href":"https:\/\/jkmgryf.pl\/en\/wp-json\/wp\/v2\/categories?post=5688"},{"taxonomy":"post_tag","embeddable":true,"href":"https:\/\/jkmgryf.pl\/en\/wp-json\/wp\/v2\/tags?post=5688"}],"curies":[{"name":"wp","href":"https:\/\/api.w.org\/{rel}","templated":true}]}}