{"id":4368,"date":"2021-09-07T21:57:38","date_gmt":"2021-09-07T19:57:38","guid":{"rendered":"https:\/\/jkmgryf.pl\/?p=4368"},"modified":"2021-09-15T19:59:12","modified_gmt":"2021-09-15T17:59:12","slug":"62-regaty-gwg-relacja-z-pokladu-hultaja-szymon-kuczynski","status":"publish","type":"post","link":"https:\/\/jkmgryf.pl\/en\/62-regaty-gwg-relacja-z-pokladu-hultaja-szymon-kuczynski\/","title":{"rendered":"62. Regaty GWG &#8211; relacja z pok\u0142adu \u201eHultaja\u201d &#8211; Szymon Kuczy\u0144ski"},"content":{"rendered":"<figure class=\"wp-block-image size-full\"><img loading=\"lazy\" decoding=\"async\" width=\"600\" height=\"400\" src=\"https:\/\/jkmgryf.pl\/wp-content\/uploads\/2021\/09\/N60_2841.jpg\" alt=\"\" class=\"wp-image-4369\" srcset=\"https:\/\/jkmgryf.pl\/wp-content\/uploads\/2021\/09\/N60_2841.jpg 600w, https:\/\/jkmgryf.pl\/wp-content\/uploads\/2021\/09\/N60_2841-300x200.jpg 300w, https:\/\/jkmgryf.pl\/wp-content\/uploads\/2021\/09\/N60_2841-16x12.jpg 16w\" sizes=\"auto, (max-width: 600px) 100vw, 600px\" \/><figcaption>Zdj. Maciej Piasecki<\/figcaption><\/figure>\n\n\n\n<p>Dzi\u0119kujemy Ma\u0107ku za zdj\u0119cie. Potwierdza si\u0119 teoria Tomka, \u017ce jak nie masz nowych, czarnych (regatowych) \u017cagli to nie ma ci\u0119 na fotach. A \u017ce wszystkie nasze \u017cagle maj\u0105 ponad 20 lat to nie wpadamy pod obiektywy. \ud83d\ude09<\/p>\n\n\n\n<p>U nas jak zwykle by\u0142o wszystko na wariata bo przyjechali\u015bmy z pracy dopiero po po\u0142udniu. A trzeba by\u0142o jeszcze odgruzowa\u0107 \u0142\u00f3dk\u0119 bo trwa tam permanentny remont no i w\u0142a\u015bciwie to na niej mieszkamy. Wynie\u015b\u0107 trzeba by\u0142o p\u00f3\u0142tora auta szpej\u00f3w. Jak zwykle nie zd\u0105\u017cy\u0142em niczego sensownego zje\u015b\u0107 przed startem.<br>Dla wi\u0119kszo\u015bci naszej za\u0142ogi nocne, morskie \u017ceglowanie by\u0142o nowym prze\u017cyciem.<br>Start by\u0142 bardzo dobry. Aleks kt\u00f3ry sterowa\u0142 pi\u0119knie zamkn\u0105\u0142 przy statku KR dwa wi\u0119ksze szybsze jachty.<br>Pr\u0119dko\u015b\u0107 nie najgorsza o pozycja na boi rozprowadzaj\u0105cej raczej z przodu ni\u017c z tylu. Dopiero na odcinku od boi do Helu wyprzedzi\u0142a nas wi\u0119kszo\u015b\u0107 d\u0142u\u017cszych, szybszych jacht\u00f3w.<br>Prognoza pogody by\u0142a rewelacyjna. Mia\u0142o by\u0107 prawie bezchmurnie z lekkim wiatrem. I tak by\u0142o. W tych regatach mo\u017cna startowa\u0107 dla samych widok\u00f3w. \ud83d\ude42<\/p>\n\n\n\n<figure class=\"wp-block-image size-large\"><img loading=\"lazy\" decoding=\"async\" width=\"1024\" height=\"768\" src=\"https:\/\/jkmgryf.pl\/wp-content\/uploads\/2021\/09\/562443FD-CCD2-4984-BD16-9A2FA73E54B8-1024x768.jpeg\" alt=\"\" class=\"wp-image-4372\" srcset=\"https:\/\/jkmgryf.pl\/wp-content\/uploads\/2021\/09\/562443FD-CCD2-4984-BD16-9A2FA73E54B8-1024x768.jpeg 1024w, https:\/\/jkmgryf.pl\/wp-content\/uploads\/2021\/09\/562443FD-CCD2-4984-BD16-9A2FA73E54B8-300x225.jpeg 300w, https:\/\/jkmgryf.pl\/wp-content\/uploads\/2021\/09\/562443FD-CCD2-4984-BD16-9A2FA73E54B8-768x576.jpeg 768w, https:\/\/jkmgryf.pl\/wp-content\/uploads\/2021\/09\/562443FD-CCD2-4984-BD16-9A2FA73E54B8-16x12.jpeg 16w, https:\/\/jkmgryf.pl\/wp-content\/uploads\/2021\/09\/562443FD-CCD2-4984-BD16-9A2FA73E54B8.jpeg 1300w\" sizes=\"auto, (max-width: 1024px) 100vw, 1024px\" \/><\/figure>\n\n\n\n<figure class=\"wp-block-image size-large\"><img loading=\"lazy\" decoding=\"async\" width=\"1024\" height=\"768\" src=\"https:\/\/jkmgryf.pl\/wp-content\/uploads\/2021\/09\/523A1C6F-6AE7-433F-A0CE-810665CBC5D7-1024x768.jpeg\" alt=\"\" class=\"wp-image-4371\" srcset=\"https:\/\/jkmgryf.pl\/wp-content\/uploads\/2021\/09\/523A1C6F-6AE7-433F-A0CE-810665CBC5D7-1024x768.jpeg 1024w, https:\/\/jkmgryf.pl\/wp-content\/uploads\/2021\/09\/523A1C6F-6AE7-433F-A0CE-810665CBC5D7-300x225.jpeg 300w, https:\/\/jkmgryf.pl\/wp-content\/uploads\/2021\/09\/523A1C6F-6AE7-433F-A0CE-810665CBC5D7-768x576.jpeg 768w, https:\/\/jkmgryf.pl\/wp-content\/uploads\/2021\/09\/523A1C6F-6AE7-433F-A0CE-810665CBC5D7-16x12.jpeg 16w, https:\/\/jkmgryf.pl\/wp-content\/uploads\/2021\/09\/523A1C6F-6AE7-433F-A0CE-810665CBC5D7.jpeg 1300w\" sizes=\"auto, (max-width: 1024px) 100vw, 1024px\" \/><\/figure>\n\n\n\n<figure class=\"wp-block-image size-large\"><img loading=\"lazy\" decoding=\"async\" width=\"1024\" height=\"768\" src=\"https:\/\/jkmgryf.pl\/wp-content\/uploads\/2021\/09\/090DB93E-EED4-401F-BC5D-B922FCBA44E3-1024x768.jpeg\" alt=\"\" class=\"wp-image-4370\" srcset=\"https:\/\/jkmgryf.pl\/wp-content\/uploads\/2021\/09\/090DB93E-EED4-401F-BC5D-B922FCBA44E3-1024x768.jpeg 1024w, https:\/\/jkmgryf.pl\/wp-content\/uploads\/2021\/09\/090DB93E-EED4-401F-BC5D-B922FCBA44E3-300x225.jpeg 300w, https:\/\/jkmgryf.pl\/wp-content\/uploads\/2021\/09\/090DB93E-EED4-401F-BC5D-B922FCBA44E3-768x576.jpeg 768w, https:\/\/jkmgryf.pl\/wp-content\/uploads\/2021\/09\/090DB93E-EED4-401F-BC5D-B922FCBA44E3-16x12.jpeg 16w, https:\/\/jkmgryf.pl\/wp-content\/uploads\/2021\/09\/090DB93E-EED4-401F-BC5D-B922FCBA44E3.jpeg 1300w\" sizes=\"auto, (max-width: 1024px) 100vw, 1024px\" \/><\/figure>\n\n\n\n<p>Przy Helu zdecydowali\u015bmy si\u0119 p\u00f3j\u015b\u0107 bardziej w prawo przed zwrotem na prawy hals. I by\u0142a to bardzo dobra decyzja. Dzi\u0119ki temu wyprzedzili\u015bmy pod wiatr dwa szybsze jachty id\u0105ce po zawietrznej blisko brzegu. Odseparowali\u015bmy si\u0119 od grupki po\u015bcigowej za nasz\u0105 ruf\u0105.<br>Do boi W\u0141A by\u0142o super. Do Happy Hour (aktualny MP) nie mieli\u015bmy du\u017cej straty a to sporo szybsza \u0142\u00f3dka.<br>Na powrocie zrobi\u0142o si\u0119 trudniej. Wiatr by\u0142 bardzo nier\u00f3wny. Zar\u00f3wno co do kierunku jak i si\u0142y. Oscylowa\u0142 po nawet 50 stopni w okolicach pe\u0142nego bajdewindu-p\u00f3\u0142wiatru. Pocz\u0105tkowo jechali\u015bmy na spinakerze symetrycznym, p\u00f3\u017aniej genua i spin asymetryczny. To nie jest prosty w obs\u0142udze genaker tylko trzeba go stawia\u0107 na spinbomie jak zwyk\u0142y symetryczny. P\u00f3\u017aniej znowu genua, asymetryk itd. Co chwil\u0119 wpadali\u015bmy w dziury wiatrowe i widzieli\u015bmy ze pogo\u0144 zaczyna si\u0119 zbli\u017ca\u0107. Szczeg\u00f3lnie Hedaa pod genakerem odrobi\u0142a prawie 2 mile. W ko\u0144cu decyzja \u017ce na maszt idzie spin symetryczny. I wtedy wiatr st\u0119\u017ca\u0142 i pozornie wyostrzy\u0142. Zacze\u0142a si\u0119 szybka jazda blisko zawietrznego brzegu ale zacz\u0119li\u015bmy odchodzi\u0107 od jacht\u00f3w z tylu.<br>W ko\u0144cu zatoka i kurs praktycznie fordewindowy. I niespodzianka. Prawie doszli\u015bmy Hadara, Scampa i Zoltara. Przed meta zrobi\u0142 si\u0119 bajdewind wiec zmiana spina na genue i przed \u015bwitem meta.<br>\u0141\u00f3dka spisa\u0142a si\u0119 ponownie na medal podobnie jak za\u0142oga.<br>By\u0142 pewien umowny podzia\u0142 obowi\u0105zk\u00f3w, ale w praktyce tak jak bywa w tego typie wy\u015bcig\u00f3w sterowa\u0142 i trymowa\u0142 ka\u017cdy. To typ \u0142\u00f3dki na kt\u00f3rej nie wozi si\u0119 pasywnych za\u0142ogant\u00f3w i absolutnie ka\u017cdy i w ka\u017cdym momencie wp\u0142ywa na wynik. W praktyce nawet przy banalnym zwrocie przez sztag ka\u017cdy z za\u0142ogi zajmuje si\u0119 jak\u0105\u015b lin\u0105.<br>Hultaj by\u0142 najmniejsza \u0142\u00f3dk\u0105 w naszej grupie ORC B i teoretycznie 3 najwolniejsz\u0105 z 10. W praktyce na mecie by\u0142y przed nami 2 jachty naszej grupy.<br>S\u0119dziowie dobrze nas policzyli i sko\u0144czyli\u015bmy wy\u015bcig nie tylko na drugim miejscu w grupie ORC B (10 jachtow) ale te\u017c na drugim w\u015br\u00f3d wszystkich 28 jachtow ORC. Mega szcz\u0119\u015bcie. \ud83d\ude42<\/p>\n\n\n\n<p>Dzi\u0119kujemy za rywalizacj\u0119 i Tomkowi, Ma\u0107kowi za organizacj\u0119 tego wy\u015bcigu.<\/p>","protected":false},"excerpt":{"rendered":"<p>Dzi\u0119kujemy Ma\u0107ku za zdj\u0119cie. Potwierdza si\u0119 teoria Tomka, \u017ce jak nie masz nowych, czarnych (regatowych) \u017cagli to nie ma ci\u0119 na fotach. A \u017ce wszystkie nasze \u017cagle maj\u0105 ponad 20 lat to nie wpadamy pod obiektywy. \ud83d\ude09 U nas jak zwykle by\u0142o wszystko na wariata bo przyjechali\u015bmy z pracy dopiero po po\u0142udniu. A trzeba by\u0142o<br \/><a class=\"moretag\" href=\"https:\/\/jkmgryf.pl\/en\/62-regaty-gwg-relacja-z-pokladu-hultaja-szymon-kuczynski\/\">+ Read More<\/a><\/p>","protected":false},"author":3,"featured_media":4369,"comment_status":"closed","ping_status":"closed","sticky":false,"template":"","format":"standard","meta":{"footnotes":""},"categories":[3,4],"tags":[],"class_list":["post-4368","post","type-post","status-publish","format-standard","has-post-thumbnail","hentry","category-inf_klubowe","category-wsp"],"yoast_head":"<!-- This site is optimized with the Yoast SEO plugin v27.4 - https:\/\/yoast.com\/product\/yoast-seo-wordpress\/ -->\n<title>62. Regaty GWG - relacja z pok\u0142adu \u201eHultaja\u201d - Szymon Kuczy\u0144ski | JKM GRYF<\/title>\n<meta name=\"description\" content=\"Klub z tradycjami za\u0142o\u017cony w 1928 roku\" \/>\n<meta name=\"robots\" content=\"index, follow, max-snippet:-1, max-image-preview:large, max-video-preview:-1\" \/>\n<link rel=\"canonical\" href=\"https:\/\/jkmgryf.pl\/en\/62-regaty-gwg-relacja-z-pokladu-hultaja-szymon-kuczynski\/\" \/>\n<meta property=\"og:locale\" content=\"en_GB\" \/>\n<meta property=\"og:type\" content=\"article\" \/>\n<meta property=\"og:title\" content=\"62. Regaty GWG - relacja z pok\u0142adu \u201eHultaja\u201d - Szymon Kuczy\u0144ski | JKM GRYF\" \/>\n<meta property=\"og:description\" content=\"Klub z tradycjami za\u0142o\u017cony w 1928 roku\" \/>\n<meta property=\"og:url\" content=\"https:\/\/jkmgryf.pl\/en\/62-regaty-gwg-relacja-z-pokladu-hultaja-szymon-kuczynski\/\" \/>\n<meta property=\"og:site_name\" content=\"JKM GRYF\" \/>\n<meta property=\"article:published_time\" content=\"2021-09-07T19:57:38+00:00\" \/>\n<meta property=\"article:modified_time\" content=\"2021-09-15T17:59:12+00:00\" \/>\n<meta property=\"og:image\" content=\"https:\/\/jkmgryf.pl\/wp-content\/uploads\/2021\/09\/N60_2841.jpg\" \/>\n\t<meta property=\"og:image:width\" content=\"600\" \/>\n\t<meta property=\"og:image:height\" content=\"400\" \/>\n\t<meta property=\"og:image:type\" content=\"image\/jpeg\" \/>\n<meta name=\"author\" content=\"adminTK\" \/>\n<meta name=\"twitter:card\" content=\"summary_large_image\" \/>\n<meta name=\"twitter:label1\" content=\"Written by\" \/>\n\t<meta name=\"twitter:data1\" content=\"adminTK\" \/>\n\t<meta name=\"twitter:label2\" content=\"Estimated reading time\" \/>\n\t<meta name=\"twitter:data2\" content=\"3 minutes\" \/>\n<script type=\"application\/ld+json\" class=\"yoast-schema-graph\">{\"@context\":\"https:\\\/\\\/schema.org\",\"@graph\":[{\"@type\":\"Article\",\"@id\":\"https:\\\/\\\/jkmgryf.pl\\\/62-regaty-gwg-relacja-z-pokladu-hultaja-szymon-kuczynski\\\/#article\",\"isPartOf\":{\"@id\":\"https:\\\/\\\/jkmgryf.pl\\\/62-regaty-gwg-relacja-z-pokladu-hultaja-szymon-kuczynski\\\/\"},\"author\":{\"name\":\"adminTK\",\"@id\":\"https:\\\/\\\/jkmgryf.pl\\\/#\\\/schema\\\/person\\\/ef710f6425e5c59bd6c63f4eff41133e\"},\"headline\":\"62. Regaty GWG &#8211; relacja z pok\u0142adu \u201eHultaja\u201d &#8211; Szymon Kuczy\u0144ski\",\"datePublished\":\"2021-09-07T19:57:38+00:00\",\"dateModified\":\"2021-09-15T17:59:12+00:00\",\"mainEntityOfPage\":{\"@id\":\"https:\\\/\\\/jkmgryf.pl\\\/62-regaty-gwg-relacja-z-pokladu-hultaja-szymon-kuczynski\\\/\"},\"wordCount\":586,\"publisher\":{\"@id\":\"https:\\\/\\\/jkmgryf.pl\\\/#organization\"},\"image\":{\"@id\":\"https:\\\/\\\/jkmgryf.pl\\\/62-regaty-gwg-relacja-z-pokladu-hultaja-szymon-kuczynski\\\/#primaryimage\"},\"thumbnailUrl\":\"https:\\\/\\\/jkmgryf.pl\\\/wp-content\\\/uploads\\\/2021\\\/09\\\/N60_2841.jpg\",\"articleSection\":[\"inf_klubowe\",\"wspomnienia\"],\"inLanguage\":\"en-GB\"},{\"@type\":\"WebPage\",\"@id\":\"https:\\\/\\\/jkmgryf.pl\\\/62-regaty-gwg-relacja-z-pokladu-hultaja-szymon-kuczynski\\\/\",\"url\":\"https:\\\/\\\/jkmgryf.pl\\\/62-regaty-gwg-relacja-z-pokladu-hultaja-szymon-kuczynski\\\/\",\"name\":\"62. Regaty GWG - relacja z pok\u0142adu \u201eHultaja\u201d - Szymon Kuczy\u0144ski | JKM GRYF\",\"isPartOf\":{\"@id\":\"https:\\\/\\\/jkmgryf.pl\\\/#website\"},\"primaryImageOfPage\":{\"@id\":\"https:\\\/\\\/jkmgryf.pl\\\/62-regaty-gwg-relacja-z-pokladu-hultaja-szymon-kuczynski\\\/#primaryimage\"},\"image\":{\"@id\":\"https:\\\/\\\/jkmgryf.pl\\\/62-regaty-gwg-relacja-z-pokladu-hultaja-szymon-kuczynski\\\/#primaryimage\"},\"thumbnailUrl\":\"https:\\\/\\\/jkmgryf.pl\\\/wp-content\\\/uploads\\\/2021\\\/09\\\/N60_2841.jpg\",\"datePublished\":\"2021-09-07T19:57:38+00:00\",\"dateModified\":\"2021-09-15T17:59:12+00:00\",\"description\":\"Klub z tradycjami za\u0142o\u017cony w 1928 roku\",\"breadcrumb\":{\"@id\":\"https:\\\/\\\/jkmgryf.pl\\\/62-regaty-gwg-relacja-z-pokladu-hultaja-szymon-kuczynski\\\/#breadcrumb\"},\"inLanguage\":\"en-GB\",\"potentialAction\":[{\"@type\":\"ReadAction\",\"target\":[\"https:\\\/\\\/jkmgryf.pl\\\/62-regaty-gwg-relacja-z-pokladu-hultaja-szymon-kuczynski\\\/\"]}]},{\"@type\":\"ImageObject\",\"inLanguage\":\"en-GB\",\"@id\":\"https:\\\/\\\/jkmgryf.pl\\\/62-regaty-gwg-relacja-z-pokladu-hultaja-szymon-kuczynski\\\/#primaryimage\",\"url\":\"https:\\\/\\\/jkmgryf.pl\\\/wp-content\\\/uploads\\\/2021\\\/09\\\/N60_2841.jpg\",\"contentUrl\":\"https:\\\/\\\/jkmgryf.pl\\\/wp-content\\\/uploads\\\/2021\\\/09\\\/N60_2841.jpg\",\"width\":600,\"height\":400},{\"@type\":\"BreadcrumbList\",\"@id\":\"https:\\\/\\\/jkmgryf.pl\\\/62-regaty-gwg-relacja-z-pokladu-hultaja-szymon-kuczynski\\\/#breadcrumb\",\"itemListElement\":[{\"@type\":\"ListItem\",\"position\":1,\"name\":\"Strona g\u0142\u00f3wna\",\"item\":\"https:\\\/\\\/jkmgryf.pl\\\/\"},{\"@type\":\"ListItem\",\"position\":2,\"name\":\"62. Regaty GWG &#8211; relacja z pok\u0142adu \u201eHultaja\u201d &#8211; Szymon Kuczy\u0144ski\"}]},{\"@type\":\"WebSite\",\"@id\":\"https:\\\/\\\/jkmgryf.pl\\\/#website\",\"url\":\"https:\\\/\\\/jkmgryf.pl\\\/\",\"name\":\"JKM GRYF\",\"description\":\"\",\"publisher\":{\"@id\":\"https:\\\/\\\/jkmgryf.pl\\\/#organization\"},\"potentialAction\":[{\"@type\":\"SearchAction\",\"target\":{\"@type\":\"EntryPoint\",\"urlTemplate\":\"https:\\\/\\\/jkmgryf.pl\\\/?s={search_term_string}\"},\"query-input\":{\"@type\":\"PropertyValueSpecification\",\"valueRequired\":true,\"valueName\":\"search_term_string\"}}],\"inLanguage\":\"en-GB\"},{\"@type\":\"Organization\",\"@id\":\"https:\\\/\\\/jkmgryf.pl\\\/#organization\",\"name\":\"JKM Gryf\",\"url\":\"https:\\\/\\\/jkmgryf.pl\\\/\",\"logo\":{\"@type\":\"ImageObject\",\"inLanguage\":\"en-GB\",\"@id\":\"https:\\\/\\\/jkmgryf.pl\\\/#\\\/schema\\\/logo\\\/image\\\/\",\"url\":\"https:\\\/\\\/jkmgryf.pl\\\/wp-content\\\/uploads\\\/2018\\\/10\\\/logo_klasyczne.png\",\"contentUrl\":\"https:\\\/\\\/jkmgryf.pl\\\/wp-content\\\/uploads\\\/2018\\\/10\\\/logo_klasyczne.png\",\"width\":161,\"height\":160,\"caption\":\"JKM Gryf\"},\"image\":{\"@id\":\"https:\\\/\\\/jkmgryf.pl\\\/#\\\/schema\\\/logo\\\/image\\\/\"}},{\"@type\":\"Person\",\"@id\":\"https:\\\/\\\/jkmgryf.pl\\\/#\\\/schema\\\/person\\\/ef710f6425e5c59bd6c63f4eff41133e\",\"name\":\"adminTK\",\"image\":{\"@type\":\"ImageObject\",\"inLanguage\":\"en-GB\",\"@id\":\"https:\\\/\\\/secure.gravatar.com\\\/avatar\\\/5a3e2a328aa17e56010e416aa005d6a065a35352d82c1b1984ef7d5c52919c5e?s=96&d=mm&r=g\",\"url\":\"https:\\\/\\\/secure.gravatar.com\\\/avatar\\\/5a3e2a328aa17e56010e416aa005d6a065a35352d82c1b1984ef7d5c52919c5e?s=96&d=mm&r=g\",\"contentUrl\":\"https:\\\/\\\/secure.gravatar.com\\\/avatar\\\/5a3e2a328aa17e56010e416aa005d6a065a35352d82c1b1984ef7d5c52919c5e?s=96&d=mm&r=g\",\"caption\":\"adminTK\"},\"sameAs\":[\"http:\\\/\\\/zpokladu.pl\"],\"url\":\"https:\\\/\\\/jkmgryf.pl\\\/en\\\/author\\\/tomek\\\/\"}]}<\/script>\n<!-- \/ Yoast SEO plugin. -->","yoast_head_json":{"title":"62. Regaty GWG - relacja z pok\u0142adu \u201eHultaja\u201d - Szymon Kuczy\u0144ski | JKM GRYF","description":"Club with traditions founded in 1928","robots":{"index":"index","follow":"follow","max-snippet":"max-snippet:-1","max-image-preview":"max-image-preview:large","max-video-preview":"max-video-preview:-1"},"canonical":"https:\/\/jkmgryf.pl\/en\/62-regaty-gwg-relacja-z-pokladu-hultaja-szymon-kuczynski\/","og_locale":"en_GB","og_type":"article","og_title":"62. Regaty GWG - relacja z pok\u0142adu \u201eHultaja\u201d - Szymon Kuczy\u0144ski | JKM GRYF","og_description":"Klub z tradycjami za\u0142o\u017cony w 1928 roku","og_url":"https:\/\/jkmgryf.pl\/en\/62-regaty-gwg-relacja-z-pokladu-hultaja-szymon-kuczynski\/","og_site_name":"JKM GRYF","article_published_time":"2021-09-07T19:57:38+00:00","article_modified_time":"2021-09-15T17:59:12+00:00","og_image":[{"width":600,"height":400,"url":"https:\/\/jkmgryf.pl\/wp-content\/uploads\/2021\/09\/N60_2841.jpg","type":"image\/jpeg"}],"author":"adminTK","twitter_card":"summary_large_image","twitter_misc":{"Written by":"adminTK","Estimated reading time":"3 minutes"},"schema":{"@context":"https:\/\/schema.org","@graph":[{"@type":"Article","@id":"https:\/\/jkmgryf.pl\/62-regaty-gwg-relacja-z-pokladu-hultaja-szymon-kuczynski\/#article","isPartOf":{"@id":"https:\/\/jkmgryf.pl\/62-regaty-gwg-relacja-z-pokladu-hultaja-szymon-kuczynski\/"},"author":{"name":"adminTK","@id":"https:\/\/jkmgryf.pl\/#\/schema\/person\/ef710f6425e5c59bd6c63f4eff41133e"},"headline":"62. Regaty GWG &#8211; relacja z pok\u0142adu \u201eHultaja\u201d &#8211; Szymon Kuczy\u0144ski","datePublished":"2021-09-07T19:57:38+00:00","dateModified":"2021-09-15T17:59:12+00:00","mainEntityOfPage":{"@id":"https:\/\/jkmgryf.pl\/62-regaty-gwg-relacja-z-pokladu-hultaja-szymon-kuczynski\/"},"wordCount":586,"publisher":{"@id":"https:\/\/jkmgryf.pl\/#organization"},"image":{"@id":"https:\/\/jkmgryf.pl\/62-regaty-gwg-relacja-z-pokladu-hultaja-szymon-kuczynski\/#primaryimage"},"thumbnailUrl":"https:\/\/jkmgryf.pl\/wp-content\/uploads\/2021\/09\/N60_2841.jpg","articleSection":["inf_klubowe","wspomnienia"],"inLanguage":"en-GB"},{"@type":"WebPage","@id":"https:\/\/jkmgryf.pl\/62-regaty-gwg-relacja-z-pokladu-hultaja-szymon-kuczynski\/","url":"https:\/\/jkmgryf.pl\/62-regaty-gwg-relacja-z-pokladu-hultaja-szymon-kuczynski\/","name":"62. Regaty GWG - relacja z pok\u0142adu \u201eHultaja\u201d - Szymon Kuczy\u0144ski | JKM GRYF","isPartOf":{"@id":"https:\/\/jkmgryf.pl\/#website"},"primaryImageOfPage":{"@id":"https:\/\/jkmgryf.pl\/62-regaty-gwg-relacja-z-pokladu-hultaja-szymon-kuczynski\/#primaryimage"},"image":{"@id":"https:\/\/jkmgryf.pl\/62-regaty-gwg-relacja-z-pokladu-hultaja-szymon-kuczynski\/#primaryimage"},"thumbnailUrl":"https:\/\/jkmgryf.pl\/wp-content\/uploads\/2021\/09\/N60_2841.jpg","datePublished":"2021-09-07T19:57:38+00:00","dateModified":"2021-09-15T17:59:12+00:00","description":"Club with traditions founded in 1928","breadcrumb":{"@id":"https:\/\/jkmgryf.pl\/62-regaty-gwg-relacja-z-pokladu-hultaja-szymon-kuczynski\/#breadcrumb"},"inLanguage":"en-GB","potentialAction":[{"@type":"ReadAction","target":["https:\/\/jkmgryf.pl\/62-regaty-gwg-relacja-z-pokladu-hultaja-szymon-kuczynski\/"]}]},{"@type":"ImageObject","inLanguage":"en-GB","@id":"https:\/\/jkmgryf.pl\/62-regaty-gwg-relacja-z-pokladu-hultaja-szymon-kuczynski\/#primaryimage","url":"https:\/\/jkmgryf.pl\/wp-content\/uploads\/2021\/09\/N60_2841.jpg","contentUrl":"https:\/\/jkmgryf.pl\/wp-content\/uploads\/2021\/09\/N60_2841.jpg","width":600,"height":400},{"@type":"BreadcrumbList","@id":"https:\/\/jkmgryf.pl\/62-regaty-gwg-relacja-z-pokladu-hultaja-szymon-kuczynski\/#breadcrumb","itemListElement":[{"@type":"ListItem","position":1,"name":"Strona g\u0142\u00f3wna","item":"https:\/\/jkmgryf.pl\/"},{"@type":"ListItem","position":2,"name":"62. Regaty GWG &#8211; relacja z pok\u0142adu \u201eHultaja\u201d &#8211; Szymon Kuczy\u0144ski"}]},{"@type":"WebSite","@id":"https:\/\/jkmgryf.pl\/#website","url":"https:\/\/jkmgryf.pl\/","name":"JKM GRYF","description":"","publisher":{"@id":"https:\/\/jkmgryf.pl\/#organization"},"potentialAction":[{"@type":"SearchAction","target":{"@type":"EntryPoint","urlTemplate":"https:\/\/jkmgryf.pl\/?s={search_term_string}"},"query-input":{"@type":"PropertyValueSpecification","valueRequired":true,"valueName":"search_term_string"}}],"inLanguage":"en-GB"},{"@type":"Organization","@id":"https:\/\/jkmgryf.pl\/#organization","name":"JKM Gryf","url":"https:\/\/jkmgryf.pl\/","logo":{"@type":"ImageObject","inLanguage":"en-GB","@id":"https:\/\/jkmgryf.pl\/#\/schema\/logo\/image\/","url":"https:\/\/jkmgryf.pl\/wp-content\/uploads\/2018\/10\/logo_klasyczne.png","contentUrl":"https:\/\/jkmgryf.pl\/wp-content\/uploads\/2018\/10\/logo_klasyczne.png","width":161,"height":160,"caption":"JKM Gryf"},"image":{"@id":"https:\/\/jkmgryf.pl\/#\/schema\/logo\/image\/"}},{"@type":"Person","@id":"https:\/\/jkmgryf.pl\/#\/schema\/person\/ef710f6425e5c59bd6c63f4eff41133e","name":"adminTK","image":{"@type":"ImageObject","inLanguage":"en-GB","@id":"https:\/\/secure.gravatar.com\/avatar\/5a3e2a328aa17e56010e416aa005d6a065a35352d82c1b1984ef7d5c52919c5e?s=96&d=mm&r=g","url":"https:\/\/secure.gravatar.com\/avatar\/5a3e2a328aa17e56010e416aa005d6a065a35352d82c1b1984ef7d5c52919c5e?s=96&d=mm&r=g","contentUrl":"https:\/\/secure.gravatar.com\/avatar\/5a3e2a328aa17e56010e416aa005d6a065a35352d82c1b1984ef7d5c52919c5e?s=96&d=mm&r=g","caption":"adminTK"},"sameAs":["http:\/\/zpokladu.pl"],"url":"https:\/\/jkmgryf.pl\/en\/author\/tomek\/"}]}},"_links":{"self":[{"href":"https:\/\/jkmgryf.pl\/en\/wp-json\/wp\/v2\/posts\/4368","targetHints":{"allow":["GET"]}}],"collection":[{"href":"https:\/\/jkmgryf.pl\/en\/wp-json\/wp\/v2\/posts"}],"about":[{"href":"https:\/\/jkmgryf.pl\/en\/wp-json\/wp\/v2\/types\/post"}],"author":[{"embeddable":true,"href":"https:\/\/jkmgryf.pl\/en\/wp-json\/wp\/v2\/users\/3"}],"replies":[{"embeddable":true,"href":"https:\/\/jkmgryf.pl\/en\/wp-json\/wp\/v2\/comments?post=4368"}],"version-history":[{"count":6,"href":"https:\/\/jkmgryf.pl\/en\/wp-json\/wp\/v2\/posts\/4368\/revisions"}],"predecessor-version":[{"id":4381,"href":"https:\/\/jkmgryf.pl\/en\/wp-json\/wp\/v2\/posts\/4368\/revisions\/4381"}],"wp:featuredmedia":[{"embeddable":true,"href":"https:\/\/jkmgryf.pl\/en\/wp-json\/wp\/v2\/media\/4369"}],"wp:attachment":[{"href":"https:\/\/jkmgryf.pl\/en\/wp-json\/wp\/v2\/media?parent=4368"}],"wp:term":[{"taxonomy":"category","embeddable":true,"href":"https:\/\/jkmgryf.pl\/en\/wp-json\/wp\/v2\/categories?post=4368"},{"taxonomy":"post_tag","embeddable":true,"href":"https:\/\/jkmgryf.pl\/en\/wp-json\/wp\/v2\/tags?post=4368"}],"curies":[{"name":"wp","href":"https:\/\/api.w.org\/{rel}","templated":true}]}}